{"id":50692,"date":"2025-10-02T16:03:24","date_gmt":"2025-10-02T22:03:24","guid":{"rendered":"https:\/\/labestiapolitica.com.mx\/?p=50692"},"modified":"2025-10-02T16:03:24","modified_gmt":"2025-10-02T22:03:24","slug":"congreso-trasladara-poderes-a-calpulalpan","status":"publish","type":"post","link":"https:\/\/labestiapolitica.com.mx\/?p=50692","title":{"rendered":"Congreso trasladar\u00e1 poderes a Calpulalpan."},"content":{"rendered":"<p style=\"font-weight: 400; text-align: justify;\">En la octava sesi\u00f3n ordinaria del Congreso del Estado de Tlaxcala, el diputado Ever Alejandro Campech Avelar present\u00f3 la Iniciativa con Proyecto de Decreto por el que la LXV Legislatura declara al municipio de Calpulalpan como \u201cCapital por un d\u00eda\u201d el pr\u00f3ximo 16 de octubre de 2025, con motivo de la conmemoraci\u00f3n del CLI aniversario de su anexi\u00f3n al territorio de Tlaxcala, instruyendo el traslado de los poderes a dicha demarcaci\u00f3n.<\/p>\n<p style=\"font-weight: 400; text-align: justify;\">Al exponer los motivos de su propuesta, el diputado se\u00f1al\u00f3 la necesidad de dar cumplimiento al Decreto n\u00famero 24, que establece el 16 de octubre de cada a\u00f1o como \u201cd\u00eda de fiesta\u201d en memoria de la fecha en que el Congreso de la Uni\u00f3n decret\u00f3 que la municipalidad de Calpulalpan quedaba definitivamente incorporada al Estado de Tlaxcala. Por tal motivo, el Ejecutivo, Legislativo y Judicial se trasladan a este municipio para conmemorar dicho acontecimiento hist\u00f3rico.<\/p>\n<p style=\"font-weight: 400; text-align: justify;\">El Proyecto de Decreto tambi\u00e9n plantea que las instalaciones que ocupa el Ayuntamiento de Calpulalpan sean declaradas como Recinto Oficial del Poder Legislativo del Estado, con el fin de realizar las actividades conmemorativas por la incorporaci\u00f3n definitiva de esta comuna al territorio tlaxcalteca.<\/p>\n<p style=\"font-weight: 400; text-align: justify;\">Cabe se\u00f1alar que el citado Decreto no establece de manera autom\u00e1tica que Calpulalpan sea declarada capital del Estado ni que los poderes se trasladen a dicho municipio; por ello, a\u00f1o con a\u00f1o se presenta la iniciativa correspondiente a fin de que el Pleno del Congreso del Estado determine el traslado de los Poderes locales al municipio referido. En observancia de esta situaci\u00f3n, el Proyecto de Decreto presentado ante la LXV Legislatura establece que dicha municipalidad ser\u00e1 nombrada \u2018Capital por \u00fanico d\u00eda\u2019 el pr\u00f3ximo 16 de octubre de 2025.<\/p>\n<p>&nbsp;<\/p>\n<p><img loading=\"lazy\" decoding=\"async\" class=\"alignnone size-full wp-image-28405\" src=\"https:\/\/labestiapolitica.com.mx\/wp-content\/uploads\/2024\/06\/U-NOVA-y-se-diferente.png\" alt=\"\" width=\"1000\" height=\"600\" srcset=\"https:\/\/labestiapolitica.com.mx\/wp-content\/uploads\/2024\/06\/U-NOVA-y-se-diferente.png 1000w, https:\/\/labestiapolitica.com.mx\/wp-content\/uploads\/2024\/06\/U-NOVA-y-se-diferente-300x180.png 300w, https:\/\/labestiapolitica.com.mx\/wp-content\/uploads\/2024\/06\/U-NOVA-y-se-diferente-768x461.png 768w\" sizes=\"auto, (max-width: 1000px) 100vw, 1000px\" \/><\/p>\n","protected":false},"excerpt":{"rendered":"<p>En la octava sesi\u00f3n ordinaria del Congreso del Estado de Tlaxcala, el diputado Ever Alejandro Campech Avelar present\u00f3 la Iniciativa con Proyecto de Decreto por el que la LXV Legislatura declara al municipio de Calpulalpan como \u201cCapital por un d\u00eda\u201d el pr\u00f3ximo 16 de octubre de 2025, con motivo de la conmemoraci\u00f3n del CLI aniversario [&hellip;]<\/p>\n","protected":false},"author":3,"featured_media":50694,"comment_status":"open","ping_status":"open","sticky":false,"template":"","format":"standard","meta":{"footnotes":""},"categories":[7,224],"tags":[],"class_list":["post-50692","post","type-post","status-publish","format-standard","has-post-thumbnail","hentry","category-ciudadanos","category-congreso-del-estado-de-tlaxcala"],"amp_enabled":true,"_links":{"self":[{"href":"https:\/\/labestiapolitica.com.mx\/index.php?rest_route=\/wp\/v2\/posts\/50692","targetHints":{"allow":["GET"]}}],"collection":[{"href":"https:\/\/labestiapolitica.com.mx\/index.php?rest_route=\/wp\/v2\/posts"}],"about":[{"href":"https:\/\/labestiapolitica.com.mx\/index.php?rest_route=\/wp\/v2\/types\/post"}],"author":[{"embeddable":true,"href":"https:\/\/labestiapolitica.com.mx\/index.php?rest_route=\/wp\/v2\/users\/3"}],"replies":[{"embeddable":true,"href":"https:\/\/labestiapolitica.com.mx\/index.php?rest_route=%2Fwp%2Fv2%2Fcomments&post=50692"}],"version-history":[{"count":1,"href":"https:\/\/labestiapolitica.com.mx\/index.php?rest_route=\/wp\/v2\/posts\/50692\/revisions"}],"predecessor-version":[{"id":50695,"href":"https:\/\/labestiapolitica.com.mx\/index.php?rest_route=\/wp\/v2\/posts\/50692\/revisions\/50695"}],"wp:featuredmedia":[{"embeddable":true,"href":"https:\/\/labestiapolitica.com.mx\/index.php?rest_route=\/wp\/v2\/media\/50694"}],"wp:attachment":[{"href":"https:\/\/labestiapolitica.com.mx\/index.php?rest_route=%2Fwp%2Fv2%2Fmedia&parent=50692"}],"wp:term":[{"taxonomy":"category","embeddable":true,"href":"https:\/\/labestiapolitica.com.mx\/index.php?rest_route=%2Fwp%2Fv2%2Fcategories&post=50692"},{"taxonomy":"post_tag","embeddable":true,"href":"https:\/\/labestiapolitica.com.mx\/index.php?rest_route=%2Fwp%2Fv2%2Ftags&post=50692"}],"curies":[{"name":"wp","href":"https:\/\/api.w.org\/{rel}","templated":true}]}}