{"id":50696,"date":"2025-10-02T16:07:44","date_gmt":"2025-10-02T22:07:44","guid":{"rendered":"https:\/\/labestiapolitica.com.mx\/?p=50696"},"modified":"2025-10-02T16:07:44","modified_gmt":"2025-10-02T22:07:44","slug":"especialistas-de-africa-america-y-europa-exponen-avances-sobre-estudios-de-la-conducta-en-la-uatx","status":"publish","type":"post","link":"https:\/\/labestiapolitica.com.mx\/?p=50696","title":{"rendered":"Especialistas de \u00c1frica, Am\u00e9rica y Europa exponen avances sobre estudios de la conducta, en la UATx."},"content":{"rendered":"<ul>\n<li style=\"font-weight: 400; text-align: justify;\">Desarrollo Humano es sede del X Seminario Internacional sobre Conducta y sus Aplicaciones<\/li>\n<\/ul>\n<p style=\"font-weight: 400; text-align: justify;\">Con el objetivo de difundir el conocimiento acerca de estudios realizados por investigadores en el \u00e1rea del an\u00e1lisis de la conducta y establecer redes tem\u00e1ticas de investigaci\u00f3n en las \u00e1reas del comportamiento, la Facultad de Ciencias para el Desarrollo Humano de la Universidad Aut\u00f3noma de Tlaxcala (FCDH-UATx) es sede del X Seminario Internacional sobre Conducta y sus Aplicaciones (SINCA), que re\u00fane a especialistas y estudiantes de Espa\u00f1a, Estados Unidos, Colombia, Tanzania y once estados de la Rep\u00fablica Mexicana,\u00a0 del 1 al 3 de octubre.<\/p>\n<p style=\"font-weight: 400; text-align: justify;\">Teniendo como escenario el Teatro Universitario, se cont\u00f3 con la presencia del Doctor Carlos Santoyo Velasco, Presidente Honorario del SINCA, la estructura directiva de la Instituci\u00f3n, comunidad de la FCDH, estudiantes, docentes e invitados. Aqu\u00ed, el Maestro Irving Eduardo Ortiz Gallardo, Coordinador de la Divisi\u00f3n de Ciencias y Humanidades, en representaci\u00f3n del Doctor Seraf\u00edn Ortiz Ortiz, Rector de la UATx, afirm\u00f3 que en este espacio de alto nivel convergen diversas perspectivas te\u00f3ricas y metodol\u00f3gicas para el an\u00e1lisis, comprensi\u00f3n e intervenci\u00f3n de la conducta humana y sus m\u00faltiples manifestaciones.<\/p>\n<p style=\"font-weight: 400; text-align: justify;\">Indic\u00f3 que ante el contexto global marcado por las transformaciones profundas y desaf\u00edos emergentes en los diversos escenarios, el estudio de la conducta se vuelve indispensable para comprender los mecanismos que subyacen al comportamiento humano, as\u00ed como el desarrollo de estrategias \u00e9ticas y eficaces para su intervenci\u00f3n, lo cual constituye una labor de alto impacto y de responsabilidad social.<\/p>\n<p style=\"font-weight: 400; text-align: justify;\">Por su parte, el Doctor Josu\u00e9 Antonio Camacho Candia, Director de la FCDH, record\u00f3 que con el inter\u00e9s genuino de generar un espacio de reflexi\u00f3n e intercambio de experiencias y conocimientos cient\u00edficos y acad\u00e9micos, por segunda ocasi\u00f3n la UATx es sede de este seminario que se ha colocado a la vanguardia por el abordaje de las diferentes tem\u00e1ticas relacionadas con la conducta y el comportamiento humano.<\/p>\n<p style=\"font-weight: 400; text-align: justify;\">En tanto, el Doctor F\u00e9lix H\u00e9ctor Mart\u00ednez S\u00e1nchez, en representaci\u00f3n del comit\u00e9 organizador, expuso que esta iniciativa naci\u00f3 en 2008 con el prop\u00f3sito de motivar a los j\u00f3venes investigadores a presentar los avances de sus trabajos y proyectos de ciencia b\u00e1sica e intercambiar ideas y estrechar lazos de cooperaci\u00f3n acad\u00e9mica interinstitucional.<\/p>\n<p style=\"font-weight: 400; text-align: justify;\">Esta jornada de trabajo inici\u00f3 con la conferencia magistral \u201cAn\u00e1lisis e integraci\u00f3n traslacional de intercambios sociales interdependientes y su impacto ambiental\u201d que dict\u00f3 el Doctor Carlos Santoyo, quien es catedr\u00e1tico de la Universidad Nacional Aut\u00f3noma de M\u00e9xico.<\/p>\n<p style=\"font-weight: 400; text-align: justify;\">En estos tres d\u00edas de actividad acad\u00e9mica, en seis sedes simult\u00e1neas de la UATx, se disertar\u00e1n tres conferencias magistrales, cuatro presentaciones de libros, simposios en los que se abordar\u00e1n 40 trabajos de investigaci\u00f3n libres y se exhibir\u00e1n 128 carteles.<\/p>\n<p>&nbsp;<\/p>\n<p><img loading=\"lazy\" decoding=\"async\" class=\"alignnone size-full wp-image-28405\" src=\"https:\/\/labestiapolitica.com.mx\/wp-content\/uploads\/2024\/06\/U-NOVA-y-se-diferente.png\" alt=\"\" width=\"1000\" height=\"600\" srcset=\"https:\/\/labestiapolitica.com.mx\/wp-content\/uploads\/2024\/06\/U-NOVA-y-se-diferente.png 1000w, https:\/\/labestiapolitica.com.mx\/wp-content\/uploads\/2024\/06\/U-NOVA-y-se-diferente-300x180.png 300w, https:\/\/labestiapolitica.com.mx\/wp-content\/uploads\/2024\/06\/U-NOVA-y-se-diferente-768x461.png 768w\" sizes=\"auto, (max-width: 1000px) 100vw, 1000px\" \/><\/p>\n","protected":false},"excerpt":{"rendered":"<p>Desarrollo Humano es sede del X Seminario Internacional sobre Conducta y sus Aplicaciones Con el objetivo de difundir el conocimiento acerca de estudios realizados por investigadores en el \u00e1rea del an\u00e1lisis de la conducta y establecer redes tem\u00e1ticas de investigaci\u00f3n en las \u00e1reas del comportamiento, la Facultad de Ciencias para el Desarrollo Humano de la [&hellip;]<\/p>\n","protected":false},"author":3,"featured_media":50699,"comment_status":"open","ping_status":"open","sticky":false,"template":"","format":"standard","meta":{"footnotes":""},"categories":[7,213,241],"tags":[],"class_list":["post-50696","post","type-post","status-publish","format-standard","has-post-thumbnail","hentry","category-ciudadanos","category-educacion","category-uatx"],"amp_enabled":true,"_links":{"self":[{"href":"https:\/\/labestiapolitica.com.mx\/index.php?rest_route=\/wp\/v2\/posts\/50696","targetHints":{"allow":["GET"]}}],"collection":[{"href":"https:\/\/labestiapolitica.com.mx\/index.php?rest_route=\/wp\/v2\/posts"}],"about":[{"href":"https:\/\/labestiapolitica.com.mx\/index.php?rest_route=\/wp\/v2\/types\/post"}],"author":[{"embeddable":true,"href":"https:\/\/labestiapolitica.com.mx\/index.php?rest_route=\/wp\/v2\/users\/3"}],"replies":[{"embeddable":true,"href":"https:\/\/labestiapolitica.com.mx\/index.php?rest_route=%2Fwp%2Fv2%2Fcomments&post=50696"}],"version-history":[{"count":1,"href":"https:\/\/labestiapolitica.com.mx\/index.php?rest_route=\/wp\/v2\/posts\/50696\/revisions"}],"predecessor-version":[{"id":50701,"href":"https:\/\/labestiapolitica.com.mx\/index.php?rest_route=\/wp\/v2\/posts\/50696\/revisions\/50701"}],"wp:featuredmedia":[{"embeddable":true,"href":"https:\/\/labestiapolitica.com.mx\/index.php?rest_route=\/wp\/v2\/media\/50699"}],"wp:attachment":[{"href":"https:\/\/labestiapolitica.com.mx\/index.php?rest_route=%2Fwp%2Fv2%2Fmedia&parent=50696"}],"wp:term":[{"taxonomy":"category","embeddable":true,"href":"https:\/\/labestiapolitica.com.mx\/index.php?rest_route=%2Fwp%2Fv2%2Fcategories&post=50696"},{"taxonomy":"post_tag","embeddable":true,"href":"https:\/\/labestiapolitica.com.mx\/index.php?rest_route=%2Fwp%2Fv2%2Ftags&post=50696"}],"curies":[{"name":"wp","href":"https:\/\/api.w.org\/{rel}","templated":true}]}}