{"id":50952,"date":"2025-10-06T21:27:14","date_gmt":"2025-10-07T03:27:14","guid":{"rendered":"https:\/\/labestiapolitica.com.mx\/?p=50952"},"modified":"2025-10-06T21:27:14","modified_gmt":"2025-10-07T03:27:14","slug":"con-concierto-sinfonico-y-develacion-de-un-mural-la-uatx-se-suma-a-festejos-por-500-anos-de-fundacion-de-la-ciudad-de-tlaxcala","status":"publish","type":"post","link":"https:\/\/labestiapolitica.com.mx\/?p=50952","title":{"rendered":"Con concierto sinf\u00f3nico y develaci\u00f3n de un mural, la UATx se suma a festejos por 500 A\u00f1os de Fundaci\u00f3n de la Ciudad de Tlaxcala."},"content":{"rendered":"<ul>\n<li style=\"text-align: justify;\">Desde las aulas y espacios culturales rendimos homenaje a la grandeza de nuestro pueblo: Rector<\/li>\n<\/ul>\n<p style=\"font-weight: 400; text-align: justify;\">Como parte de los festejos por los 500 a\u00f1os de la Fundaci\u00f3n de la Ciudad de Tlaxcala, se llev\u00f3 a cabo una jornada cultural memorable que conjug\u00f3 al un\u00edsono \u00a0m\u00fasica y arte visual con el magn\u00edfico Concierto Sinf\u00f3nico de la Orquesta Sinf\u00f3nica de la Universidad Aut\u00f3noma de Tlaxcala (UATx) en ensamble con el\u00a0 Mariachi Flor de Agave de Guadalajara y el ballet Folkl\u00f3rico de la UATx, ofreciendo al p\u00fablico una especial selecci\u00f3n de piezas emblem\u00e1ticas, bajo la magistral direcci\u00f3n del Maestro Alberto Moreno, y la develaci\u00f3n del mural \u201cFundaci\u00f3n de Tlaxcala y su proyecci\u00f3n mundial\u201d que es obra del Maestro H\u00e9ctor Valencia Huesca.<\/p>\n<p style=\"font-weight: 400; text-align: justify;\">En este contexto de celebraci\u00f3n, el Doctor Seraf\u00edn Ortiz Ortiz, Rector de la UATx, acompa\u00f1ado por el Doctor Homero Meneses Hern\u00e1ndez, Secretario de Educaci\u00f3n P\u00fablica de Tlaxcala, asegur\u00f3 que la comunidad universitaria se une con entusiasmo a esta conmemoraci\u00f3n, y desde las aulas y espacios culturales se rinde un homenaje a la grandeza de nuestro pueblo, porque sin Tlaxcala no hay M\u00e9xico, ya que los tlaxcaltecas han sido protagonistas en la construcci\u00f3n y el poblamiento de diversos territorios de la naci\u00f3n.<\/p>\n<p style=\"font-weight: 400; text-align: justify;\">Adem\u00e1s, enfatiz\u00f3 que celebramos con j\u00fabilo y profundo orgullo el privilegio de ser tlaxcaltecas en virtud que, a cinco siglos, nuestra cultura perdura y se magnifica, se proyecta y se fortalece como s\u00edmbolo de identidad, resistencia y legado.<\/p>\n<p style=\"font-weight: 400; text-align: justify;\">Por otra parte, en su intervenci\u00f3n, el Doctor Homero Meneses expres\u00f3 con profunda emoci\u00f3n lo que representa para la comunidad escuchar a la Orquesta Sinf\u00f3nica y contemplar el mural conmemorativo, ambos s\u00edmbolos vivos de la grandeza cultural de Tlaxcala. Se\u00f1al\u00f3 que as\u00ed como hace 500 a\u00f1os hubo quienes fundaron esta Ciudad, hoy son las y los universitarios quienes, a trav\u00e9s del conocimiento, est\u00e1n dejando huella en todo el territorio nacional e incluso m\u00e1s all\u00e1 de nuestras fronteras.<\/p>\n<p style=\"font-weight: 400; text-align: justify;\">Ambos realizaron la develaci\u00f3n del mural conmemorativo \u201cFundaci\u00f3n de Tlaxcala y su proyecci\u00f3n mundial\u201d que se ubica en el trascenio del CCU y que podr\u00e1 ser admirado por los visitantes en los recorridos guiados. El Maestro H\u00e9ctor Valencia, quien es catedr\u00e1tico de la Facultad de Dise\u00f1o, Arte y Arquitectura de la UATx, explic\u00f3 la relevancia de la obra y los elementos que la constituyen, retomando los elementos m\u00e1s representativos de la historia de Tlaxcala.<\/p>\n<p style=\"font-weight: 400; text-align: justify;\">El Concierto Sinf\u00f3nico ofreci\u00f3 un programa art\u00edstico que incluy\u00f3 Huapango de Moncayo, la Bikina, Popurr\u00ed de Mocedades, el Viajero, Ojos Tapat\u00edos, Mar\u00eda Linda, el Pastor, Como tu mujer, Contigo aprend\u00ed, Costumbres y Me gustas mucho, entre otras melod\u00edas que son parte del repertorio musical de M\u00e9xico.<\/p>\n<p style=\"font-weight: 400; text-align: justify;\">El evento culmin\u00f3 con la entrega de reconocimientos, a la Maestra Esmeralda Corona Ru\u00edz, Directora; Maestra Rub\u00ed Corona Ru\u00edz, Directora Art\u00edstica; y la Maestra Soledad Cruz Ju\u00e1rez, Directora Musical y Vocal, del Mariachi \u201cFlor de Agave\u201d de Guadalajara. De igual forma, se reconoci\u00f3 a la Maestra Ana Amalia D\u00edaz Hern\u00e1ndez, Directora del Ballet Folkl\u00f3rico UATx, y al Maestro Alberto Moreno Mart\u00ednez, Director de la Orquesta Sinf\u00f3nica UATx, y la Orquesta Sinf\u00f3nica.<\/p>\n<p>&nbsp;<\/p>\n<p><img loading=\"lazy\" decoding=\"async\" class=\"alignnone wp-image-28405 size-full\" src=\"https:\/\/labestiapolitica.com.mx\/wp-content\/uploads\/2024\/06\/U-NOVA-y-se-diferente.png\" alt=\"\" width=\"1000\" height=\"600\" srcset=\"https:\/\/labestiapolitica.com.mx\/wp-content\/uploads\/2024\/06\/U-NOVA-y-se-diferente.png 1000w, https:\/\/labestiapolitica.com.mx\/wp-content\/uploads\/2024\/06\/U-NOVA-y-se-diferente-300x180.png 300w, https:\/\/labestiapolitica.com.mx\/wp-content\/uploads\/2024\/06\/U-NOVA-y-se-diferente-768x461.png 768w\" sizes=\"auto, (max-width: 1000px) 100vw, 1000px\" \/><\/p>\n","protected":false},"excerpt":{"rendered":"<p>Desde las aulas y espacios culturales rendimos homenaje a la grandeza de nuestro pueblo: Rector Como parte de los festejos por los 500 a\u00f1os de la Fundaci\u00f3n de la Ciudad de Tlaxcala, se llev\u00f3 a cabo una jornada cultural memorable que conjug\u00f3 al un\u00edsono \u00a0m\u00fasica y arte visual con el magn\u00edfico Concierto Sinf\u00f3nico de la [&hellip;]<\/p>\n","protected":false},"author":5,"featured_media":50953,"comment_status":"open","ping_status":"open","sticky":false,"template":"","format":"standard","meta":{"footnotes":""},"categories":[7,213,241],"tags":[],"class_list":["post-50952","post","type-post","status-publish","format-standard","has-post-thumbnail","hentry","category-ciudadanos","category-educacion","category-uatx"],"amp_enabled":true,"_links":{"self":[{"href":"https:\/\/labestiapolitica.com.mx\/index.php?rest_route=\/wp\/v2\/posts\/50952","targetHints":{"allow":["GET"]}}],"collection":[{"href":"https:\/\/labestiapolitica.com.mx\/index.php?rest_route=\/wp\/v2\/posts"}],"about":[{"href":"https:\/\/labestiapolitica.com.mx\/index.php?rest_route=\/wp\/v2\/types\/post"}],"author":[{"embeddable":true,"href":"https:\/\/labestiapolitica.com.mx\/index.php?rest_route=\/wp\/v2\/users\/5"}],"replies":[{"embeddable":true,"href":"https:\/\/labestiapolitica.com.mx\/index.php?rest_route=%2Fwp%2Fv2%2Fcomments&post=50952"}],"version-history":[{"count":1,"href":"https:\/\/labestiapolitica.com.mx\/index.php?rest_route=\/wp\/v2\/posts\/50952\/revisions"}],"predecessor-version":[{"id":50954,"href":"https:\/\/labestiapolitica.com.mx\/index.php?rest_route=\/wp\/v2\/posts\/50952\/revisions\/50954"}],"wp:featuredmedia":[{"embeddable":true,"href":"https:\/\/labestiapolitica.com.mx\/index.php?rest_route=\/wp\/v2\/media\/50953"}],"wp:attachment":[{"href":"https:\/\/labestiapolitica.com.mx\/index.php?rest_route=%2Fwp%2Fv2%2Fmedia&parent=50952"}],"wp:term":[{"taxonomy":"category","embeddable":true,"href":"https:\/\/labestiapolitica.com.mx\/index.php?rest_route=%2Fwp%2Fv2%2Fcategories&post=50952"},{"taxonomy":"post_tag","embeddable":true,"href":"https:\/\/labestiapolitica.com.mx\/index.php?rest_route=%2Fwp%2Fv2%2Ftags&post=50952"}],"curies":[{"name":"wp","href":"https:\/\/api.w.org\/{rel}","templated":true}]}}