{"id":50955,"date":"2025-10-06T21:30:22","date_gmt":"2025-10-07T03:30:22","guid":{"rendered":"https:\/\/labestiapolitica.com.mx\/?p=50955"},"modified":"2025-10-06T21:30:22","modified_gmt":"2025-10-07T03:30:22","slug":"seguridad-publica-de-huamantla-atiende-oportunamente-accidente-vehicular","status":"publish","type":"post","link":"https:\/\/labestiapolitica.com.mx\/?p=50955","title":{"rendered":"Seguridad P\u00fablica de Huamantla atiende oportunamente accidente vehicular."},"content":{"rendered":"<p style=\"text-align: justify;\">Huamantla, Tlaxcala.- El Gobierno Municipal de Huamantla, a trav\u00e9s de la Direcci\u00f3n de Seguridad P\u00fablica, Tr\u00e1nsito y Protecci\u00f3n Civil, informa que elementos de esta corporaci\u00f3n brindaron apoyo y atenci\u00f3n oportuna ante un accidente vial registrado sobre la calle Galeana Oriente, entre Ju\u00e1rez y Allende, en la cabecera municipal.<\/p>\n<p style=\"text-align: justify;\">Gracias al monitoreo permanente del Centro de Control y Comando (C2), se detect\u00f3 una camioneta que se hab\u00eda impactado contra un poste de madera perteneciente a una empresa de telecomunicaciones, por lo que de inmediato se dio aviso a las unidades en recorrido de vigilancia.<\/p>\n<p style=\"text-align: justify;\">Al arribar al lugar, los elementos constataron la presencia del veh\u00edculo con visibles da\u00f1os en su parte frontal. Tras realizar la inspecci\u00f3n correspondiente, se determin\u00f3 que la unidad se encontraba abandonada, por lo que se procedi\u00f3 conforme a los protocolos establecidos para estos casos.<\/p>\n<p style=\"text-align: justify;\">Con apoyo de una gr\u00faa autorizada, el veh\u00edculo fue trasladado al corral\u00f3n correspondiente para su resguardo, mientras que el hecho fue puesto a disposici\u00f3n del Ministerio P\u00fablico, con el fin de realizar las investigaciones pertinentes.<\/p>\n<p style=\"text-align: justify;\">La Direcci\u00f3n de Seguridad P\u00fablica, Tr\u00e1nsito y Protecci\u00f3n Civil de Huamantla reitera su compromiso de salvaguardar la integridad de las y los ciudadanos, actuando con prontitud y apego a la legalidad ante cualquier situaci\u00f3n que altere el orden p\u00fablico o ponga en riesgo la seguridad vial.<\/p>\n<p>&nbsp;<\/p>\n<p><img loading=\"lazy\" decoding=\"async\" class=\"alignnone wp-image-28405 size-full\" src=\"https:\/\/labestiapolitica.com.mx\/wp-content\/uploads\/2024\/06\/U-NOVA-y-se-diferente.png\" alt=\"\" width=\"1000\" height=\"600\" srcset=\"https:\/\/labestiapolitica.com.mx\/wp-content\/uploads\/2024\/06\/U-NOVA-y-se-diferente.png 1000w, https:\/\/labestiapolitica.com.mx\/wp-content\/uploads\/2024\/06\/U-NOVA-y-se-diferente-300x180.png 300w, https:\/\/labestiapolitica.com.mx\/wp-content\/uploads\/2024\/06\/U-NOVA-y-se-diferente-768x461.png 768w\" sizes=\"auto, (max-width: 1000px) 100vw, 1000px\" \/><\/p>\n","protected":false},"excerpt":{"rendered":"<p>Huamantla, Tlaxcala.- El Gobierno Municipal de Huamantla, a trav\u00e9s de la Direcci\u00f3n de Seguridad P\u00fablica, Tr\u00e1nsito y Protecci\u00f3n Civil, informa que elementos de esta corporaci\u00f3n brindaron apoyo y atenci\u00f3n oportuna ante un accidente vial registrado sobre la calle Galeana Oriente, entre Ju\u00e1rez y Allende, en la cabecera municipal. Gracias al monitoreo permanente del Centro de [&hellip;]<\/p>\n","protected":false},"author":5,"featured_media":50956,"comment_status":"open","ping_status":"open","sticky":false,"template":"","format":"standard","meta":{"footnotes":""},"categories":[12,220,216],"tags":[],"class_list":["post-50955","post","type-post","status-publish","format-standard","has-post-thumbnail","hentry","category-brujula-2026","category-huamantla","category-municipios"],"amp_enabled":true,"_links":{"self":[{"href":"https:\/\/labestiapolitica.com.mx\/index.php?rest_route=\/wp\/v2\/posts\/50955","targetHints":{"allow":["GET"]}}],"collection":[{"href":"https:\/\/labestiapolitica.com.mx\/index.php?rest_route=\/wp\/v2\/posts"}],"about":[{"href":"https:\/\/labestiapolitica.com.mx\/index.php?rest_route=\/wp\/v2\/types\/post"}],"author":[{"embeddable":true,"href":"https:\/\/labestiapolitica.com.mx\/index.php?rest_route=\/wp\/v2\/users\/5"}],"replies":[{"embeddable":true,"href":"https:\/\/labestiapolitica.com.mx\/index.php?rest_route=%2Fwp%2Fv2%2Fcomments&post=50955"}],"version-history":[{"count":1,"href":"https:\/\/labestiapolitica.com.mx\/index.php?rest_route=\/wp\/v2\/posts\/50955\/revisions"}],"predecessor-version":[{"id":50957,"href":"https:\/\/labestiapolitica.com.mx\/index.php?rest_route=\/wp\/v2\/posts\/50955\/revisions\/50957"}],"wp:featuredmedia":[{"embeddable":true,"href":"https:\/\/labestiapolitica.com.mx\/index.php?rest_route=\/wp\/v2\/media\/50956"}],"wp:attachment":[{"href":"https:\/\/labestiapolitica.com.mx\/index.php?rest_route=%2Fwp%2Fv2%2Fmedia&parent=50955"}],"wp:term":[{"taxonomy":"category","embeddable":true,"href":"https:\/\/labestiapolitica.com.mx\/index.php?rest_route=%2Fwp%2Fv2%2Fcategories&post=50955"},{"taxonomy":"post_tag","embeddable":true,"href":"https:\/\/labestiapolitica.com.mx\/index.php?rest_route=%2Fwp%2Fv2%2Ftags&post=50955"}],"curies":[{"name":"wp","href":"https:\/\/api.w.org\/{rel}","templated":true}]}}