{"id":50958,"date":"2025-10-06T21:33:49","date_gmt":"2025-10-07T03:33:49","guid":{"rendered":"https:\/\/labestiapolitica.com.mx\/?p=50958"},"modified":"2025-10-06T21:33:49","modified_gmt":"2025-10-07T03:33:49","slug":"ayuntamiento-capitalino-realiza-jornada-de-mantenimiento-en-los-panteones-de-atempan-e-ixtulco","status":"publish","type":"post","link":"https:\/\/labestiapolitica.com.mx\/?p=50958","title":{"rendered":"Ayuntamiento capitalino realiza jornada de mantenimiento en los panteones de Atempa\u0301n e Ixtulco."},"content":{"rendered":"<p style=\"text-align: justify;\">El Ayuntamiento de Tlaxcala, a trav\u00e9s de la Direcci\u00f3n de Servicio P\u00fablicos, llev\u00f3 a cabo una Jornada de Mantenimiento Integral en los panteones de Atempan e Ixtulco, as\u00ed como acciones de embellecimiento en los bulevares Guillermo Valle, Revoluci\u00f3n y el que se ubica en la carretera federal Tlaxcala-Puebla, como parte del trabajo para la conservaci\u00f3n de espacios p\u00fablicos limpios, seguros y funcionales para las familias capitalinas.<\/p>\n<p style=\"text-align: justify;\">En ambos panteones, brigadas de la Direcci\u00f3n de Servicios P\u00fablicos realizaron trabajos de poda, desrame, limpieza general y rehabilitaci\u00f3n de luminarias, con el prop\u00f3sito de mejorar las condiciones del lugar y garantizar un entorno digno para los visitantes, especialmente en esta temporada previa a las celebraciones de D\u00eda de Muertos.<\/p>\n<p style=\"text-align: justify;\">De manera paralela, sobre el Bulevar Guillermo Valle, una de las principales avenidas de la ciudad, se efectuaron labores de barrido manual, retiro de maleza y atenci\u00f3n a \u00e1reas verdes, acciones que contribuyen a fortalecer la imagen urbana y a ofrecer una vialidad m\u00e1s ordenada y agradable para peatones y automovilistas.<\/p>\n<p style=\"text-align: justify;\">En los bulevares Revoluci\u00f3n y el que se ubica en la carretera federal a Tlaxcala-Puebla los trabajos consistieron en limpieza de camellones y poda, principalmente.<\/p>\n<p style=\"text-align: justify;\">Con estas acciones, el Ayuntamiento de Tlaxcala, que preside Alfonso S\u00e1nchez Garc\u00eda, avanza en su labor para fortalecer el sentido de pertenencia y la participaci\u00f3n ciudadana.<\/p>\n<p>&nbsp;<\/p>\n<p><img loading=\"lazy\" decoding=\"async\" class=\"alignnone size-medium wp-image-28405\" src=\"https:\/\/labestiapolitica.com.mx\/wp-content\/uploads\/2024\/06\/U-NOVA-y-se-diferente-300x180.png\" alt=\"\" width=\"300\" height=\"180\" srcset=\"https:\/\/labestiapolitica.com.mx\/wp-content\/uploads\/2024\/06\/U-NOVA-y-se-diferente-300x180.png 300w, https:\/\/labestiapolitica.com.mx\/wp-content\/uploads\/2024\/06\/U-NOVA-y-se-diferente-768x461.png 768w, https:\/\/labestiapolitica.com.mx\/wp-content\/uploads\/2024\/06\/U-NOVA-y-se-diferente.png 1000w\" sizes=\"auto, (max-width: 300px) 100vw, 300px\" \/><\/p>\n","protected":false},"excerpt":{"rendered":"<p>El Ayuntamiento de Tlaxcala, a trav\u00e9s de la Direcci\u00f3n de Servicio P\u00fablicos, llev\u00f3 a cabo una Jornada de Mantenimiento Integral en los panteones de Atempan e Ixtulco, as\u00ed como acciones de embellecimiento en los bulevares Guillermo Valle, Revoluci\u00f3n y el que se ubica en la carretera federal Tlaxcala-Puebla, como parte del trabajo para la conservaci\u00f3n [&hellip;]<\/p>\n","protected":false},"author":5,"featured_media":50959,"comment_status":"open","ping_status":"open","sticky":false,"template":"","format":"standard","meta":{"footnotes":""},"categories":[7,216,214],"tags":[],"class_list":["post-50958","post","type-post","status-publish","format-standard","has-post-thumbnail","hentry","category-ciudadanos","category-municipios","category-tlaxcala-capital"],"amp_enabled":true,"_links":{"self":[{"href":"https:\/\/labestiapolitica.com.mx\/index.php?rest_route=\/wp\/v2\/posts\/50958","targetHints":{"allow":["GET"]}}],"collection":[{"href":"https:\/\/labestiapolitica.com.mx\/index.php?rest_route=\/wp\/v2\/posts"}],"about":[{"href":"https:\/\/labestiapolitica.com.mx\/index.php?rest_route=\/wp\/v2\/types\/post"}],"author":[{"embeddable":true,"href":"https:\/\/labestiapolitica.com.mx\/index.php?rest_route=\/wp\/v2\/users\/5"}],"replies":[{"embeddable":true,"href":"https:\/\/labestiapolitica.com.mx\/index.php?rest_route=%2Fwp%2Fv2%2Fcomments&post=50958"}],"version-history":[{"count":1,"href":"https:\/\/labestiapolitica.com.mx\/index.php?rest_route=\/wp\/v2\/posts\/50958\/revisions"}],"predecessor-version":[{"id":50960,"href":"https:\/\/labestiapolitica.com.mx\/index.php?rest_route=\/wp\/v2\/posts\/50958\/revisions\/50960"}],"wp:featuredmedia":[{"embeddable":true,"href":"https:\/\/labestiapolitica.com.mx\/index.php?rest_route=\/wp\/v2\/media\/50959"}],"wp:attachment":[{"href":"https:\/\/labestiapolitica.com.mx\/index.php?rest_route=%2Fwp%2Fv2%2Fmedia&parent=50958"}],"wp:term":[{"taxonomy":"category","embeddable":true,"href":"https:\/\/labestiapolitica.com.mx\/index.php?rest_route=%2Fwp%2Fv2%2Fcategories&post=50958"},{"taxonomy":"post_tag","embeddable":true,"href":"https:\/\/labestiapolitica.com.mx\/index.php?rest_route=%2Fwp%2Fv2%2Ftags&post=50958"}],"curies":[{"name":"wp","href":"https:\/\/api.w.org\/{rel}","templated":true}]}}