{"id":50961,"date":"2025-10-06T21:38:04","date_gmt":"2025-10-07T03:38:04","guid":{"rendered":"https:\/\/labestiapolitica.com.mx\/?p=50961"},"modified":"2025-10-06T21:38:04","modified_gmt":"2025-10-07T03:38:04","slug":"la-uatx-impulsa-el-dialogo-academico-en-torno-a-los-500-anos-de-la-capital","status":"publish","type":"post","link":"https:\/\/labestiapolitica.com.mx\/?p=50961","title":{"rendered":"La UATx impulsa el di\u00e1logo acad\u00e9mico en torno a los 500 a\u00f1os de la capital."},"content":{"rendered":"<ul>\n<li style=\"font-weight: 400; text-align: justify;\">Reafirma su compromiso con la cultura y la historia del pueblo tlaxcalteca: Rector<\/li>\n<\/ul>\n<p style=\"font-weight: 400; text-align: justify;\">La Universidad Aut\u00f3noma de Tlaxcala (UATx) reafirma su compromiso con la sociedad tlaxcalteca al ofrecer un espacio para la reflexi\u00f3n cr\u00edtica, el intercambio de ideas y la celebraci\u00f3n de nuestro patrimonio cultural, asegur\u00f3 el Rector, Doctor Seraf\u00edn Ortiz Ortiz, al presidir la ceremonia de inauguraci\u00f3n del\u00a0\u201cCongreso Iberoamericano a prop\u00f3sito de los 500 a\u00f1os de la Fundaci\u00f3n de la Ciudad de Tlaxcala\u201d, que re\u00fane a destacados ponentes de Espa\u00f1a y M\u00e9xico en el marco de \u00a0festejos por los 500 a\u00f1os de fundaci\u00f3n de la capital.<\/p>\n<p style=\"font-weight: 400; text-align: justify;\">Acompa\u00f1ado por la Maestra Beatriz Paredes Rangel, Vicepresidenta de la Comisi\u00f3n para los Festejos de los 500 a\u00f1os de fundaci\u00f3n de la Ciudad. el Doctor Ortiz se\u00f1al\u00f3 que la historia de Tlaxcala es un relato de resistencia, de alianzas estrat\u00e9gicas y de una identidad cultural que ha perdurado a lo largo de los siglos, por ello, la UATx en su papel de organizadora de este foro se erige como el epicentro intelectual de esta celebraci\u00f3n, al reunir a ponentes nacionales e internacionales para que sus voces profundicen en los matices y complejidades de este acontecimiento fundacional.<\/p>\n<p style=\"font-weight: 400; text-align: justify;\">Ante la comunidad estudiantil, estructura directiva de la Instituci\u00f3n y p\u00fablico interesado es esta tem\u00e1tica, reunidos en el Centro Cultural Universitario, el Doctor Seraf\u00edn Ortiz precis\u00f3 que en este viaje de exploraci\u00f3n intelectual y de reencuentro con la memoria hist\u00f3rica, la alianza hispano-tlaxcalteca implic\u00f3 el mestizaje racial, la sincretizaci\u00f3n cultural y el origen de la rep\u00fablica mexicana. Acot\u00f3 que 66 a\u00f1os despu\u00e9s de fundaci\u00f3n de la ciudad, el gobierno virreinal organiz\u00f3 a 400 familias tlaxcaltecas con el prop\u00f3sito de poblar el norte de la Nueva Espa\u00f1a para facilitar y sedentarizar a los pueblos n\u00f3madas chichimecas y consolidar el dominio espa\u00f1ol.<\/p>\n<p style=\"font-weight: 400; text-align: justify;\">En este sentido, asent\u00f3 que la di\u00e1spora contin\u00faa vigente con la dispersi\u00f3n intelectual y la magnificaci\u00f3n de la sabidur\u00eda, porque la UATx impulsa el Modelo Humanista Integrador basado en Capacidades para la rep\u00fablica y tiene presencia en el programa nacional de Educaci\u00f3n Inicial a trav\u00e9s del cual se forman asistentes, cuidadores, tutores, acad\u00e9micos e investigadores, en un proyecto del que participan 16 universidades del pa\u00eds.<\/p>\n<p style=\"font-weight: 400; text-align: justify;\">Por su parte, la Maestra Beatriz Paredes hizo \u00e9nfasis en la trascendencia de la reflexi\u00f3n hist\u00f3rica porque permite entender lo que somos como tlaxcaltecas, y felicit\u00f3 a la UATx por organizar este Congreso Iberoamericano, con un exhorto hacia los estudiantes para que conozcan y comprendan la grandiosa historia de Tlaxcala y escriban su grandioso porvenir.<\/p>\n<p style=\"font-weight: 400; text-align: justify;\">En tanto, el Licenciado Arnulfo Diazcasales Zapata, Coordinador de la Licenciatura en Ciencias Pol\u00edticas y Administraci\u00f3n P\u00fablica de la UATx, se\u00f1al\u00f3 que este foro abre sus puertas al di\u00e1logo y al conocimiento para celebrar medio milenio de historia, dado que es un momento de profunda introspecci\u00f3n y de reencuentro con la esencia de lo que somos como naci\u00f3n y como regi\u00f3n iberoamericana.<\/p>\n<p style=\"font-weight: 400; text-align: justify;\">Este Congreso inici\u00f3 con la ponencia \u201cMemorias\u00a0 vivas y lealtades din\u00e1micas: una historia de Tlaxcala desde la Monarqu\u00eda de Espa\u00f1a\u201d a cargo de la Doctora Amoringa Villarreal Brasca de la Universidad Complutense de Madrid, quien refiri\u00f3 que es imprescindible integrar la historia de Tlaxcala y en especial la \u00e9poca colonial y la historia de la monarqu\u00eda hisp\u00e1nica, porque re\u00fane a una comunidad con voces m\u00faltiples que ten\u00eda un mismo lenguaje pol\u00edtico y cultural, en el que la memoria del pasado se construy\u00f3\u00a0 en permanente ideario con la din\u00e1mica de lealtad y reciprocidad.<\/p>\n<p style=\"font-weight: 400; text-align: justify;\">Entre los temas que se abordar\u00e1n del 6 al 8 de octubre en el Teatro Universitario, est\u00e1n los siguientes: Panorama general del derecho y de las instituciones en el antiguo r\u00e9gimen: Del derecho castellano al derecho indiano, pasando por el derecho com\u00fan, a cargo del Doctor Faustino Mart\u00ednez Mart\u00ednez, de la Universidad Complutense de Madrid: \u00a0Las mujeres nobles de Tlaxcala: Piedra angular de las alianzas y los nuevos linajes de conquista, siglo XVI, por la Doctora Marina T\u00e9llez Gonz\u00e1lez, del \u00a0Instituto de Investigaciones Interdisciplinarias en Ciencias y Humanidades de la UNAM; \u00a0La conquista de M\u00e9xico entre los prejuicios y la historia oficial, que dictar\u00e1 el Doctor Jorge Eugenio Trasloheros Hern\u00e1ndez, del Instituto de Investigaciones Hist\u00f3ricas de la UNAM.<\/p>\n<p style=\"font-weight: 400; text-align: justify;\">Tambi\u00e9n se hablar\u00e1 de Soldados int\u00e9rpretes y misioneros: Agencia tlaxcalteca en las fronteras novohispanas, por la Doctora Raquel Er\u00e9ndira G\u00fcereca Dur\u00e1n, del Instituto de Investigaciones Hist\u00f3ricas de la UNAM; \u00a0Mujeres e historia: A prop\u00f3sito de los 500 a\u00f1os de la fundaci\u00f3n de la ciudad de Tlaxcala, a cargo de Doctora Mar\u00eda Elizabeth Jaime Espinosa, de la Facultad de Filosof\u00eda y Letras de la UATx; y Los doce ap\u00f3stoles de M\u00e9xico ante las poblaciones ind\u00edgenas en la etapa cortesiana: Tlaxcala como paradigma de mestizaje novohispano que abordar\u00e1 el Doctor Sixto S\u00e1nchez-Lauro P\u00e9rez, de la \u00a0Universidad de Extremadura, Espa\u00f1a.<\/p>\n<p>&nbsp;<\/p>\n<p><img loading=\"lazy\" decoding=\"async\" class=\"alignnone wp-image-28405 size-full\" src=\"https:\/\/labestiapolitica.com.mx\/wp-content\/uploads\/2024\/06\/U-NOVA-y-se-diferente.png\" alt=\"\" width=\"1000\" height=\"600\" srcset=\"https:\/\/labestiapolitica.com.mx\/wp-content\/uploads\/2024\/06\/U-NOVA-y-se-diferente.png 1000w, https:\/\/labestiapolitica.com.mx\/wp-content\/uploads\/2024\/06\/U-NOVA-y-se-diferente-300x180.png 300w, https:\/\/labestiapolitica.com.mx\/wp-content\/uploads\/2024\/06\/U-NOVA-y-se-diferente-768x461.png 768w\" sizes=\"auto, (max-width: 1000px) 100vw, 1000px\" \/><\/p>\n","protected":false},"excerpt":{"rendered":"<p>Reafirma su compromiso con la cultura y la historia del pueblo tlaxcalteca: Rector La Universidad Aut\u00f3noma de Tlaxcala (UATx) reafirma su compromiso con la sociedad tlaxcalteca al ofrecer un espacio para la reflexi\u00f3n cr\u00edtica, el intercambio de ideas y la celebraci\u00f3n de nuestro patrimonio cultural, asegur\u00f3 el Rector, Doctor Seraf\u00edn Ortiz Ortiz, al presidir la [&hellip;]<\/p>\n","protected":false},"author":5,"featured_media":50962,"comment_status":"open","ping_status":"open","sticky":false,"template":"","format":"standard","meta":{"footnotes":""},"categories":[7,213,241],"tags":[],"class_list":["post-50961","post","type-post","status-publish","format-standard","has-post-thumbnail","hentry","category-ciudadanos","category-educacion","category-uatx"],"amp_enabled":true,"_links":{"self":[{"href":"https:\/\/labestiapolitica.com.mx\/index.php?rest_route=\/wp\/v2\/posts\/50961","targetHints":{"allow":["GET"]}}],"collection":[{"href":"https:\/\/labestiapolitica.com.mx\/index.php?rest_route=\/wp\/v2\/posts"}],"about":[{"href":"https:\/\/labestiapolitica.com.mx\/index.php?rest_route=\/wp\/v2\/types\/post"}],"author":[{"embeddable":true,"href":"https:\/\/labestiapolitica.com.mx\/index.php?rest_route=\/wp\/v2\/users\/5"}],"replies":[{"embeddable":true,"href":"https:\/\/labestiapolitica.com.mx\/index.php?rest_route=%2Fwp%2Fv2%2Fcomments&post=50961"}],"version-history":[{"count":1,"href":"https:\/\/labestiapolitica.com.mx\/index.php?rest_route=\/wp\/v2\/posts\/50961\/revisions"}],"predecessor-version":[{"id":50963,"href":"https:\/\/labestiapolitica.com.mx\/index.php?rest_route=\/wp\/v2\/posts\/50961\/revisions\/50963"}],"wp:featuredmedia":[{"embeddable":true,"href":"https:\/\/labestiapolitica.com.mx\/index.php?rest_route=\/wp\/v2\/media\/50962"}],"wp:attachment":[{"href":"https:\/\/labestiapolitica.com.mx\/index.php?rest_route=%2Fwp%2Fv2%2Fmedia&parent=50961"}],"wp:term":[{"taxonomy":"category","embeddable":true,"href":"https:\/\/labestiapolitica.com.mx\/index.php?rest_route=%2Fwp%2Fv2%2Fcategories&post=50961"},{"taxonomy":"post_tag","embeddable":true,"href":"https:\/\/labestiapolitica.com.mx\/index.php?rest_route=%2Fwp%2Fv2%2Ftags&post=50961"}],"curies":[{"name":"wp","href":"https:\/\/api.w.org\/{rel}","templated":true}]}}