{"id":50964,"date":"2025-10-06T21:41:49","date_gmt":"2025-10-07T03:41:49","guid":{"rendered":"https:\/\/labestiapolitica.com.mx\/?p=50964"},"modified":"2025-10-06T21:41:49","modified_gmt":"2025-10-07T03:41:49","slug":"salvador-santos-presente-en-el-87-aniversario-del-parque-nacional-la-malinche","status":"publish","type":"post","link":"https:\/\/labestiapolitica.com.mx\/?p=50964","title":{"rendered":"Salvador Santos presente en el 87\u00b0 aniversario del Parque Nacional La Malinche."},"content":{"rendered":"<p style=\"text-align: justify;\">El presidente municipal de Huamantla, Salvador Santos Cedillo, particip\u00f3 en la conmemoraci\u00f3n del 87 aniversario del Parque Nacional La Malinche, evento encabezado por la gobernadora del estado, Lorena Cu\u00e9llar Cisneros, quien destac\u00f3 la importancia de fortalecer las acciones de conservaci\u00f3n y protecci\u00f3n de esta \u00e1rea natural protegida, s\u00edmbolo de identidad y orgullo para las y los tlaxcaltecas.<\/p>\n<p style=\"text-align: justify;\">Durante la ceremonia, realizada en las faldas de la monta\u00f1a, tambi\u00e9n estuvieron presentes el secretario del Medio Ambiente, Pedro Aquino Alvarado, y el director regional Centro y Eje Neovolc\u00e1nico de la Comisi\u00f3n Nacional de \u00c1reas Naturales Protegidas (CONANP), Marco Antonio Castro Mart\u00ednez, quienes coincidieron en que la preservaci\u00f3n de La Malinche es tarea compartida entre los tres niveles de gobierno y la ciudadan\u00eda.<\/p>\n<p style=\"text-align: justify;\">Posterior al evento protocolario, las autoridades fueron testigo de una ofrenda simb\u00f3lica a la monta\u00f1a, en reconocimiento a su valor ambiental, cultural e hist\u00f3rico, reafirmando el compromiso de continuar impulsando pol\u00edticas p\u00fablicas sustentables que garanticen su conservaci\u00f3n para las futuras generaciones.<\/p>\n<p style=\"text-align: justify;\">El Parque Nacional La Malinche, tambi\u00e9n conocido como Matlalcu\u00e9yatl, cuenta con una extensi\u00f3n de 46,112 hect\u00e1reas, de las cuales cerca del 70% se encuentra en territorio tlaxcalteca. Su superficie abarca 16 municipios de Tlaxcala y Puebla, entre ellos Huamantla, donde la zona boscosa representa un importante pulm\u00f3n natural y refugio de biodiversidad que contribuye al equilibrio ambiental de la regi\u00f3n.<\/p>\n<p style=\"text-align: justify;\">Salvador Santos Cedillo, reiter\u00f3 la disposici\u00f3n del Gobierno Municipal de Huamantla para colaborar en acciones de reforestaci\u00f3n, limpieza y educaci\u00f3n ambiental, con el objetivo de proteger uno de los ecosistemas m\u00e1s representativos del estado.<\/p>\n<p>&nbsp;<\/p>\n<p><img loading=\"lazy\" decoding=\"async\" class=\"alignnone wp-image-28405 size-full\" src=\"https:\/\/labestiapolitica.com.mx\/wp-content\/uploads\/2024\/06\/U-NOVA-y-se-diferente.png\" alt=\"\" width=\"1000\" height=\"600\" srcset=\"https:\/\/labestiapolitica.com.mx\/wp-content\/uploads\/2024\/06\/U-NOVA-y-se-diferente.png 1000w, https:\/\/labestiapolitica.com.mx\/wp-content\/uploads\/2024\/06\/U-NOVA-y-se-diferente-300x180.png 300w, https:\/\/labestiapolitica.com.mx\/wp-content\/uploads\/2024\/06\/U-NOVA-y-se-diferente-768x461.png 768w\" sizes=\"auto, (max-width: 1000px) 100vw, 1000px\" \/><\/p>\n","protected":false},"excerpt":{"rendered":"<p>El presidente municipal de Huamantla, Salvador Santos Cedillo, particip\u00f3 en la conmemoraci\u00f3n del 87 aniversario del Parque Nacional La Malinche, evento encabezado por la gobernadora del estado, Lorena Cu\u00e9llar Cisneros, quien destac\u00f3 la importancia de fortalecer las acciones de conservaci\u00f3n y protecci\u00f3n de esta \u00e1rea natural protegida, s\u00edmbolo de identidad y orgullo para las y [&hellip;]<\/p>\n","protected":false},"author":5,"featured_media":50965,"comment_status":"open","ping_status":"open","sticky":false,"template":"","format":"standard","meta":{"footnotes":""},"categories":[7,220,216],"tags":[],"class_list":["post-50964","post","type-post","status-publish","format-standard","has-post-thumbnail","hentry","category-ciudadanos","category-huamantla","category-municipios"],"amp_enabled":true,"_links":{"self":[{"href":"https:\/\/labestiapolitica.com.mx\/index.php?rest_route=\/wp\/v2\/posts\/50964","targetHints":{"allow":["GET"]}}],"collection":[{"href":"https:\/\/labestiapolitica.com.mx\/index.php?rest_route=\/wp\/v2\/posts"}],"about":[{"href":"https:\/\/labestiapolitica.com.mx\/index.php?rest_route=\/wp\/v2\/types\/post"}],"author":[{"embeddable":true,"href":"https:\/\/labestiapolitica.com.mx\/index.php?rest_route=\/wp\/v2\/users\/5"}],"replies":[{"embeddable":true,"href":"https:\/\/labestiapolitica.com.mx\/index.php?rest_route=%2Fwp%2Fv2%2Fcomments&post=50964"}],"version-history":[{"count":1,"href":"https:\/\/labestiapolitica.com.mx\/index.php?rest_route=\/wp\/v2\/posts\/50964\/revisions"}],"predecessor-version":[{"id":50966,"href":"https:\/\/labestiapolitica.com.mx\/index.php?rest_route=\/wp\/v2\/posts\/50964\/revisions\/50966"}],"wp:featuredmedia":[{"embeddable":true,"href":"https:\/\/labestiapolitica.com.mx\/index.php?rest_route=\/wp\/v2\/media\/50965"}],"wp:attachment":[{"href":"https:\/\/labestiapolitica.com.mx\/index.php?rest_route=%2Fwp%2Fv2%2Fmedia&parent=50964"}],"wp:term":[{"taxonomy":"category","embeddable":true,"href":"https:\/\/labestiapolitica.com.mx\/index.php?rest_route=%2Fwp%2Fv2%2Fcategories&post=50964"},{"taxonomy":"post_tag","embeddable":true,"href":"https:\/\/labestiapolitica.com.mx\/index.php?rest_route=%2Fwp%2Fv2%2Ftags&post=50964"}],"curies":[{"name":"wp","href":"https:\/\/api.w.org\/{rel}","templated":true}]}}