{"id":50973,"date":"2025-10-06T21:55:10","date_gmt":"2025-10-07T03:55:10","guid":{"rendered":"https:\/\/labestiapolitica.com.mx\/?p=50973"},"modified":"2025-10-06T21:55:10","modified_gmt":"2025-10-07T03:55:10","slug":"supervisa-alcalde-alfonso-sanchez-garcia-rehabilitacion-de-la-avenida-antonio-carvajal-en-acuitlapilco","status":"publish","type":"post","link":"https:\/\/labestiapolitica.com.mx\/?p=50973","title":{"rendered":"Supervisa alcalde Alfonso S\u00e1nchez Garc\u00eda rehabilitaci\u00f3n de la avenida Antonio Carvajal en Acuitlapilco."},"content":{"rendered":"<p style=\"text-align: justify;\">El presidente municipal de Tlaxcala, Alfonso S\u00e1nchez Garc\u00eda, supervis\u00f3 este lunes los trabajos de reencarpetamiento en la avenida Antonio Carvajal, ubicada en la comunidad de Santa Mar\u00eda Acuitlapilco, una obra que responde a una demanda constante de los habitantes de la zona y que fue posible gracias a una gesti\u00f3n ante el Gobierno del Estado.<\/p>\n<p style=\"text-align: justify;\">La avenida Antonio Carvajal es una de las v\u00edas principales de Acuitlapilco, pues conecta con calles secundarias que conducen al centro de la comunidad y hacia la carretera Tlaxcala\u2013Puebla, adem\u00e1s comunica con importantes zonas habitacionales y una escuela primaria, por lo que su deterioro, marcado por baches, hundimientos y desgaste generalizado, afectaba la movilidad vehicular, el tr\u00e1nsito peatonal y la seguridad de las familias.<\/p>\n<p style=\"text-align: justify;\">Ante ello, el edil capitalino instruy\u00f3 realizar un levantamiento t\u00e9cnico integral que permiti\u00f3 formular el expediente y presupuesto correspondiente para su rehabilitaci\u00f3n con pavimento de concreto hidr\u00e1ulico.<\/p>\n<p style=\"text-align: justify;\">Durante su recorrido por la zona, el alcalde destac\u00f3 que su administraci\u00f3n est\u00e1 comprometida con la mejora de la infraestructura vial y la atenci\u00f3n a las necesidades m\u00e1s sentidas de las y los tlaxcaltecas, por eso ha llevado a cabo diversas labores de gesti\u00f3n ante la Gobernadora Lorena Cu\u00e9llar Cisneros que hoy fructificaron en esta obra.<\/p>\n<p style=\"text-align: justify;\">Tambi\u00e9n subray\u00f3 que estos trabajos adem\u00e1s de mejorar la imagen urbana y la conectividad local, reducir\u00e1 los costos de mantenimiento vehicular y los tiempos de traslado, generando un impacto directo en la calidad de vida de los habitantes.<\/p>\n<p style=\"text-align: justify;\">Finalmente, el alcalde de la capital mencion\u00f3 que su administraci\u00f3n mantiene activo el programa permanente de bacheo; sin embargo, explic\u00f3 que hay vialidades que han superado el punto de reparaci\u00f3n con ese tipo de trabajos, como ocurre con la avenida Antonio Carvajal, y requieren una intervenci\u00f3n integral y de mayor alcance, por lo que anunci\u00f3 que continuar\u00e1 con la gesti\u00f3n de recursos para dar atenci\u00f3n de fondo a las calles que lo necesiten.<\/p>\n<p>&nbsp;<\/p>\n<p><img loading=\"lazy\" decoding=\"async\" class=\"alignnone wp-image-28405 size-full\" src=\"https:\/\/labestiapolitica.com.mx\/wp-content\/uploads\/2024\/06\/U-NOVA-y-se-diferente.png\" alt=\"\" width=\"1000\" height=\"600\" srcset=\"https:\/\/labestiapolitica.com.mx\/wp-content\/uploads\/2024\/06\/U-NOVA-y-se-diferente.png 1000w, https:\/\/labestiapolitica.com.mx\/wp-content\/uploads\/2024\/06\/U-NOVA-y-se-diferente-300x180.png 300w, https:\/\/labestiapolitica.com.mx\/wp-content\/uploads\/2024\/06\/U-NOVA-y-se-diferente-768x461.png 768w\" sizes=\"auto, (max-width: 1000px) 100vw, 1000px\" \/><\/p>\n","protected":false},"excerpt":{"rendered":"<p>El presidente municipal de Tlaxcala, Alfonso S\u00e1nchez Garc\u00eda, supervis\u00f3 este lunes los trabajos de reencarpetamiento en la avenida Antonio Carvajal, ubicada en la comunidad de Santa Mar\u00eda Acuitlapilco, una obra que responde a una demanda constante de los habitantes de la zona y que fue posible gracias a una gesti\u00f3n ante el Gobierno del Estado. [&hellip;]<\/p>\n","protected":false},"author":5,"featured_media":50974,"comment_status":"open","ping_status":"open","sticky":false,"template":"","format":"standard","meta":{"footnotes":""},"categories":[7,216,214],"tags":[],"class_list":["post-50973","post","type-post","status-publish","format-standard","has-post-thumbnail","hentry","category-ciudadanos","category-municipios","category-tlaxcala-capital"],"amp_enabled":true,"_links":{"self":[{"href":"https:\/\/labestiapolitica.com.mx\/index.php?rest_route=\/wp\/v2\/posts\/50973","targetHints":{"allow":["GET"]}}],"collection":[{"href":"https:\/\/labestiapolitica.com.mx\/index.php?rest_route=\/wp\/v2\/posts"}],"about":[{"href":"https:\/\/labestiapolitica.com.mx\/index.php?rest_route=\/wp\/v2\/types\/post"}],"author":[{"embeddable":true,"href":"https:\/\/labestiapolitica.com.mx\/index.php?rest_route=\/wp\/v2\/users\/5"}],"replies":[{"embeddable":true,"href":"https:\/\/labestiapolitica.com.mx\/index.php?rest_route=%2Fwp%2Fv2%2Fcomments&post=50973"}],"version-history":[{"count":1,"href":"https:\/\/labestiapolitica.com.mx\/index.php?rest_route=\/wp\/v2\/posts\/50973\/revisions"}],"predecessor-version":[{"id":50975,"href":"https:\/\/labestiapolitica.com.mx\/index.php?rest_route=\/wp\/v2\/posts\/50973\/revisions\/50975"}],"wp:featuredmedia":[{"embeddable":true,"href":"https:\/\/labestiapolitica.com.mx\/index.php?rest_route=\/wp\/v2\/media\/50974"}],"wp:attachment":[{"href":"https:\/\/labestiapolitica.com.mx\/index.php?rest_route=%2Fwp%2Fv2%2Fmedia&parent=50973"}],"wp:term":[{"taxonomy":"category","embeddable":true,"href":"https:\/\/labestiapolitica.com.mx\/index.php?rest_route=%2Fwp%2Fv2%2Fcategories&post=50973"},{"taxonomy":"post_tag","embeddable":true,"href":"https:\/\/labestiapolitica.com.mx\/index.php?rest_route=%2Fwp%2Fv2%2Ftags&post=50973"}],"curies":[{"name":"wp","href":"https:\/\/api.w.org\/{rel}","templated":true}]}}