{"id":50993,"date":"2025-10-07T12:48:42","date_gmt":"2025-10-07T18:48:42","guid":{"rendered":"https:\/\/labestiapolitica.com.mx\/?p=50993"},"modified":"2025-10-08T07:51:34","modified_gmt":"2025-10-08T13:51:34","slug":"%f0%9f%8d%bd%ef%b8%8f%e2%9c%a8el-sabor-de-nopalucan-presente-en-los-500-anos-de-tlaxcala%f0%9f%92%9a","status":"publish","type":"post","link":"https:\/\/labestiapolitica.com.mx\/?p=50993","title":{"rendered":"\ud83c\udf7d\ufe0f\u2728\u00a1El sabor de #Nopalucan presente en los 500 a\u00f1os de Tlaxcala!\ud83d\udc9a"},"content":{"rendered":"<p data-start=\"100\" data-end=\"387\">En el marco de la conmemoraci\u00f3n por los <strong data-start=\"140\" data-end=\"180\">500 a\u00f1os de la fundaci\u00f3n de Tlaxcala<\/strong>, el <strong data-start=\"185\" data-end=\"230\">Gobierno Municipal de Santa Ana Nopalucan<\/strong> y el <strong data-start=\"236\" data-end=\"253\">DIF Municipal<\/strong> participaron con orgullo este <strong data-start=\"284\" data-end=\"308\">7 de octubre de 2025<\/strong> en la <strong data-start=\"315\" data-end=\"339\">Muestra Gastron\u00f3mica<\/strong> realizada en el recinto ferial de la capital.<\/p>\n<p data-start=\"389\" data-end=\"607\">El stand de Nopalucan deleit\u00f3 a los asistentes con su <strong data-start=\"443\" data-end=\"470\">gastronom\u00eda tradicional<\/strong>, ofreciendo <strong data-start=\"483\" data-end=\"509\">quesadillas y tlacoyos<\/strong>, platillos emblem\u00e1ticos que forman parte del <strong data-start=\"555\" data-end=\"601\">patrimonio cultural y culinario del estado<\/strong>. \ud83c\udf3f<\/p>\n<p data-start=\"609\" data-end=\"827\">Durante el evento, representantes de los <strong data-start=\"650\" data-end=\"680\">60 municipios tlaxcaltecas<\/strong> presentaron sus sabores y tradiciones, fortaleciendo la identidad y el orgullo por las ra\u00edces que conforman la riqueza gastron\u00f3mica de Tlaxcala.<\/p>\n<p data-start=\"829\" data-end=\"988\">\u201cPreservar y compartir nuestras tradiciones es una forma de mantener viva la historia y la cultura de nuestro municipio\u201d, destacaron autoridades municipales.<\/p>\n<p data-start=\"990\" data-end=\"1110\">\ud83d\ude4c <strong data-start=\"993\" data-end=\"1108\">Santa Ana Nopalucan reafirma as\u00ed su compromiso con la promoci\u00f3n de la cultura, la identidad y el turismo local.<\/strong><\/p>\n<p data-start=\"1112\" data-end=\"1154\" data-is-last-node=\"\" data-is-only-node=\"\">#UnidosSeguiremosTransformandoNopalucan \ud83c\udf3f<\/p>\n","protected":false},"excerpt":{"rendered":"<p>En el marco de la conmemoraci\u00f3n por los 500 a\u00f1os de la fundaci\u00f3n de Tlaxcala, el Gobierno Municipal de Santa Ana Nopalucan y el DIF Municipal participaron con orgullo este 7 de octubre de 2025 en la Muestra Gastron\u00f3mica realizada en el recinto ferial de la capital. El stand de Nopalucan deleit\u00f3 a los asistentes [&hellip;]<\/p>\n","protected":false},"author":3,"featured_media":50995,"comment_status":"open","ping_status":"open","sticky":false,"template":"","format":"standard","meta":{"footnotes":""},"categories":[12,216,231],"tags":[],"class_list":["post-50993","post","type-post","status-publish","format-standard","has-post-thumbnail","hentry","category-brujula-2026","category-municipios","category-nopalucan"],"amp_enabled":true,"_links":{"self":[{"href":"https:\/\/labestiapolitica.com.mx\/index.php?rest_route=\/wp\/v2\/posts\/50993","targetHints":{"allow":["GET"]}}],"collection":[{"href":"https:\/\/labestiapolitica.com.mx\/index.php?rest_route=\/wp\/v2\/posts"}],"about":[{"href":"https:\/\/labestiapolitica.com.mx\/index.php?rest_route=\/wp\/v2\/types\/post"}],"author":[{"embeddable":true,"href":"https:\/\/labestiapolitica.com.mx\/index.php?rest_route=\/wp\/v2\/users\/3"}],"replies":[{"embeddable":true,"href":"https:\/\/labestiapolitica.com.mx\/index.php?rest_route=%2Fwp%2Fv2%2Fcomments&post=50993"}],"version-history":[{"count":1,"href":"https:\/\/labestiapolitica.com.mx\/index.php?rest_route=\/wp\/v2\/posts\/50993\/revisions"}],"predecessor-version":[{"id":50996,"href":"https:\/\/labestiapolitica.com.mx\/index.php?rest_route=\/wp\/v2\/posts\/50993\/revisions\/50996"}],"wp:featuredmedia":[{"embeddable":true,"href":"https:\/\/labestiapolitica.com.mx\/index.php?rest_route=\/wp\/v2\/media\/50995"}],"wp:attachment":[{"href":"https:\/\/labestiapolitica.com.mx\/index.php?rest_route=%2Fwp%2Fv2%2Fmedia&parent=50993"}],"wp:term":[{"taxonomy":"category","embeddable":true,"href":"https:\/\/labestiapolitica.com.mx\/index.php?rest_route=%2Fwp%2Fv2%2Fcategories&post=50993"},{"taxonomy":"post_tag","embeddable":true,"href":"https:\/\/labestiapolitica.com.mx\/index.php?rest_route=%2Fwp%2Fv2%2Ftags&post=50993"}],"curies":[{"name":"wp","href":"https:\/\/api.w.org\/{rel}","templated":true}]}}