{"id":51000,"date":"2025-10-07T13:02:04","date_gmt":"2025-10-07T19:02:04","guid":{"rendered":"https:\/\/labestiapolitica.com.mx\/?p=51000"},"modified":"2025-10-08T07:51:24","modified_gmt":"2025-10-08T13:51:24","slug":"chatgpt-plus-%f0%9f%8f%97%ef%b8%8f-avanza-el-adoquinamiento-en-la-calle-francisco-villa-de-tlalcuapan-compromiso-cumplido-del-gobierno-de-blanca-angulo-%f0%9f%9a%a7%e2%9c%a8","status":"publish","type":"post","link":"https:\/\/labestiapolitica.com.mx\/?p=51000","title":{"rendered":"\ud83c\udfd7\ufe0f Avanza el adoquinamiento en la calle Francisco Villa de Tlalcuapan: compromiso cumplido del gobierno de Blanca Angulo \ud83d\udea7\u2728"},"content":{"rendered":"<p data-start=\"133\" data-end=\"599\">El Gobierno Municipal de <strong data-start=\"158\" data-end=\"173\">Chiautempan<\/strong>, encabezado por la presidenta <strong data-start=\"204\" data-end=\"229\">Blanca Angulo Meneses<\/strong>, contin\u00faa avanzando en la mejora de la infraestructura urbana. En esta ocasi\u00f3n, se constataron los <strong data-start=\"329\" data-end=\"389\">avances en el adoquinamiento de la calle Francisco Villa<\/strong>, ubicada en la comunidad de <strong data-start=\"418\" data-end=\"442\">San Pedro Tlalcuapan<\/strong>, donde semanas atr\u00e1s la alcaldesa dio el <strong data-start=\"484\" data-end=\"515\">banderazo de inicio de obra<\/strong> acompa\u00f1ada de su equipo de trabajo y del presidente comunitario <strong data-start=\"580\" data-end=\"596\">Odil\u00f3n Bello<\/strong>.<\/p>\n<p data-start=\"601\" data-end=\"906\">Las im\u00e1genes captadas por las \u00e1reas responsables muestran el progreso de una obra que responde a una <strong data-start=\"702\" data-end=\"737\">demanda sentida de la poblaci\u00f3n<\/strong>, pues esta vialidad era utilizada diariamente por ni\u00f1as, ni\u00f1os y familias que enfrentaban condiciones dif\u00edciles, especialmente en temporada de lluvias o polvo. \ud83c\udf27\ufe0f\ud83c\udf24\ufe0f<\/p>\n<p data-start=\"908\" data-end=\"1158\">Blanca Angulo destac\u00f3 que esta acci\u00f3n forma parte de una <strong data-start=\"965\" data-end=\"1042\">estrategia integral para mejorar las condiciones de movilidad y bienestar<\/strong> en las comunidades, reiterando que cada obra representa un paso firme hacia un Chiautempan m\u00e1s digno y funcional.<\/p>\n<p data-start=\"1160\" data-end=\"1293\">\u201cLa transformaci\u00f3n se construye desde las calles y con el esfuerzo conjunto de la ciudadan\u00eda\u201d, enfatiz\u00f3 la presidenta municipal. \ud83d\udcaa<\/p>\n<p data-start=\"1295\" data-end=\"1501\">Con proyectos como este, el Ayuntamiento reafirma su compromiso de seguir <strong data-start=\"1369\" data-end=\"1408\">mejorando la infraestructura b\u00e1sica<\/strong> y <strong data-start=\"1411\" data-end=\"1449\">dignificando los espacios p\u00fablicos<\/strong> en beneficio de todas y todos los chiautempenses.<\/p>\n<p data-start=\"1503\" data-end=\"1577\" data-is-last-node=\"\" data-is-only-node=\"\">#IdentidadQueTransforma \ud83c\udf3f<br data-start=\"1529\" data-end=\"1532\" \/>#Chiautempan #BlancaAngulo #GobiernoMunicipal<\/p>\n","protected":false},"excerpt":{"rendered":"<p>El Gobierno Municipal de Chiautempan, encabezado por la presidenta Blanca Angulo Meneses, contin\u00faa avanzando en la mejora de la infraestructura urbana. En esta ocasi\u00f3n, se constataron los avances en el adoquinamiento de la calle Francisco Villa, ubicada en la comunidad de San Pedro Tlalcuapan, donde semanas atr\u00e1s la alcaldesa dio el banderazo de inicio de [&hellip;]<\/p>\n","protected":false},"author":3,"featured_media":51007,"comment_status":"open","ping_status":"open","sticky":false,"template":"","format":"standard","meta":{"footnotes":""},"categories":[12,215,216],"tags":[],"class_list":["post-51000","post","type-post","status-publish","format-standard","has-post-thumbnail","hentry","category-brujula-2026","category-chiautempan","category-municipios"],"amp_enabled":true,"_links":{"self":[{"href":"https:\/\/labestiapolitica.com.mx\/index.php?rest_route=\/wp\/v2\/posts\/51000","targetHints":{"allow":["GET"]}}],"collection":[{"href":"https:\/\/labestiapolitica.com.mx\/index.php?rest_route=\/wp\/v2\/posts"}],"about":[{"href":"https:\/\/labestiapolitica.com.mx\/index.php?rest_route=\/wp\/v2\/types\/post"}],"author":[{"embeddable":true,"href":"https:\/\/labestiapolitica.com.mx\/index.php?rest_route=\/wp\/v2\/users\/3"}],"replies":[{"embeddable":true,"href":"https:\/\/labestiapolitica.com.mx\/index.php?rest_route=%2Fwp%2Fv2%2Fcomments&post=51000"}],"version-history":[{"count":2,"href":"https:\/\/labestiapolitica.com.mx\/index.php?rest_route=\/wp\/v2\/posts\/51000\/revisions"}],"predecessor-version":[{"id":51010,"href":"https:\/\/labestiapolitica.com.mx\/index.php?rest_route=\/wp\/v2\/posts\/51000\/revisions\/51010"}],"wp:featuredmedia":[{"embeddable":true,"href":"https:\/\/labestiapolitica.com.mx\/index.php?rest_route=\/wp\/v2\/media\/51007"}],"wp:attachment":[{"href":"https:\/\/labestiapolitica.com.mx\/index.php?rest_route=%2Fwp%2Fv2%2Fmedia&parent=51000"}],"wp:term":[{"taxonomy":"category","embeddable":true,"href":"https:\/\/labestiapolitica.com.mx\/index.php?rest_route=%2Fwp%2Fv2%2Fcategories&post=51000"},{"taxonomy":"post_tag","embeddable":true,"href":"https:\/\/labestiapolitica.com.mx\/index.php?rest_route=%2Fwp%2Fv2%2Ftags&post=51000"}],"curies":[{"name":"wp","href":"https:\/\/api.w.org\/{rel}","templated":true}]}}