{"id":51477,"date":"2025-10-15T08:19:53","date_gmt":"2025-10-15T14:19:53","guid":{"rendered":"https:\/\/labestiapolitica.com.mx\/?p=51477"},"modified":"2025-11-20T11:40:12","modified_gmt":"2025-11-20T17:40:12","slug":"la-mayoria-de-tlaxcaltecas-rechaza-trasladar-la-feria-a-amaxac-de-guerrero-impulso-mercadologico","status":"publish","type":"post","link":"https:\/\/labestiapolitica.com.mx\/?p=51477","title":{"rendered":"La mayoria de tlaxcaltecas rechaza trasladar la Feria a Amaxac de Guerrero: Impulso Mercadol\u00f3gico"},"content":{"rendered":"<p>Checa aqu\u00ed la encuesta de Impulso Mercadol\u00f3gico<\/p>\n<p><a href=\"https:\/\/labestiapolitica.com.mx\/wp-content\/uploads\/2025\/10\/ExpectativasCambioFeria.pdf\">\u00a0 \u00a0 ExpectativasCambioFeria<\/a><\/p>\n<p style=\"text-align: justify;\">Fabiola M\u00c1RQUEZ\/ Tlaxcala, octubre de 2025. \u2014 Un estudio reciente realizado por Impulso Mercadol\u00f3gico revela un amplio rechazo ciudadano ante la posibilidad de cambiar la sede de la Feria de Tlaxcala al municipio de Amaxac de Guerrero, o de Yauhquemehcan en su caso.<\/p>\n<p style=\"text-align: justify;\">De acuerdo con la encuesta telef\u00f3nica aplicada del 9 al 12 de octubre a 450 habitantes del estado, el 82% de los tlaxcaltecas se manifest\u00f3 en contra del traslado, mientras que solo el 11% dijo estar a favor y un 8% no tiene una opini\u00f3n definida.<\/p>\n<p style=\"text-align: justify;\">Para la mayor\u00eda de los encuestados, la feria representa una tradici\u00f3n profundamente arraigada en la capital de Tlaxcala, aunque est\u00e1 en territorio de Totolac. El 71% consider\u00f3 \u201cmuy importante\u201d mantenerla en su ubicaci\u00f3n actual, mientras que apenas un 10% opin\u00f3 que el lugar no es relevante.<br \/>\nLas principales preocupaciones expresadas fueron: \u2022 La p\u00e9rdida de tradici\u00f3n y arraigo (30.2%). La dificultad de acceso (24.6%) y el impacto econ\u00f3mico negativo en la capital (19.6%)<\/p>\n<p style=\"text-align: justify;\">Entre quienes asisten \u201csiempre\u201d a la feria, la oposici\u00f3n al cambio se intensifica: el 92% se opone al traslado, frente a apenas un 6% que lo apoya. Incluso entre quienes acuden \u201ccasi siempre\u201d, siete de cada diez tambi\u00e9n se muestran en contra.<\/p>\n<p style=\"text-align: justify;\">Aunque una minor\u00eda reconoci\u00f3 posibles beneficios como el impulso econ\u00f3mico para Amaxac (12.6%) o la modernizaci\u00f3n de instalaciones (10.5%), la mayor\u00eda (56.8%) asegur\u00f3 que no ve ning\u00fan beneficio real en mover la feria.\u00a0 Solo el 13% considera que la Ciudad de la Cultura y el Entretenimiento en Amaxac ser\u00eda una buena opci\u00f3n para albergar el evento.<\/p>\n<p style=\"text-align: justify;\">El rechazo se acent\u00faa al preguntar sobre disposici\u00f3n a asistir o pagar m\u00e1s en caso de concretarse el cambio: El 65% no asistir\u00eda a la feria en Amaxac. El 82% no estar\u00eda dispuesto a pagar m\u00e1s por los servicios. Solo un 8.7% asegur\u00f3 que s\u00ed acudir\u00eda, y un 18% condicion\u00f3 su asistencia a la log\u00edstica y el transporte. Adem\u00e1s, el 80% considera que el cambio no ser\u00eda una buena decisi\u00f3n a largo plazo.<\/p>\n<p style=\"text-align: justify;\">El 74% de los encuestados cree que el traslado no atraer\u00e1 nuevos visitantes, y el 38% prev\u00e9 un impacto muy negativo en la movilidad dentro del estado.<\/p>\n<p style=\"text-align: justify;\">\ud83d\udcc8 Ficha t\u00e9cnica<br \/>\nEstudio: Percepci\u00f3n y Expectativas sobre el Posible Cambio de Sede de la Feria de Tlaxcala<br \/>\nMuestra: 450 encuestas telef\u00f3nicas<br \/>\nMargen de error: \u00b13.8%<br \/>\nNivel de confianza: 92.5%<br \/>\nPeriodo de levantamiento: 9 al 12 de octubre de 2025<br \/>\nResponsable: Jos\u00e9 Netzahualc\u00f3yotl Cote Ochoa, director de Impulso Mercadol\u00f3gico.<\/p>\n<p><img loading=\"lazy\" decoding=\"async\" class=\"alignnone size-full wp-image-51481\" src=\"https:\/\/labestiapolitica.com.mx\/wp-content\/uploads\/2025\/10\/Proyecto-nuevo-10.jpg\" alt=\"\" width=\"1000\" height=\"600\" srcset=\"https:\/\/labestiapolitica.com.mx\/wp-content\/uploads\/2025\/10\/Proyecto-nuevo-10.jpg 1000w, https:\/\/labestiapolitica.com.mx\/wp-content\/uploads\/2025\/10\/Proyecto-nuevo-10-300x180.jpg 300w, https:\/\/labestiapolitica.com.mx\/wp-content\/uploads\/2025\/10\/Proyecto-nuevo-10-768x461.jpg 768w\" sizes=\"auto, (max-width: 1000px) 100vw, 1000px\" \/> <img loading=\"lazy\" decoding=\"async\" class=\"alignnone size-full wp-image-51482\" src=\"https:\/\/labestiapolitica.com.mx\/wp-content\/uploads\/2025\/10\/Proyecto-nuevo-9.jpg\" alt=\"\" width=\"1000\" height=\"600\" srcset=\"https:\/\/labestiapolitica.com.mx\/wp-content\/uploads\/2025\/10\/Proyecto-nuevo-9.jpg 1000w, https:\/\/labestiapolitica.com.mx\/wp-content\/uploads\/2025\/10\/Proyecto-nuevo-9-300x180.jpg 300w, https:\/\/labestiapolitica.com.mx\/wp-content\/uploads\/2025\/10\/Proyecto-nuevo-9-768x461.jpg 768w\" sizes=\"auto, (max-width: 1000px) 100vw, 1000px\" \/> <img loading=\"lazy\" decoding=\"async\" class=\"alignnone size-full wp-image-51483\" src=\"https:\/\/labestiapolitica.com.mx\/wp-content\/uploads\/2025\/10\/Proyecto-nuevo-8-1.jpg\" alt=\"\" width=\"1000\" height=\"600\" srcset=\"https:\/\/labestiapolitica.com.mx\/wp-content\/uploads\/2025\/10\/Proyecto-nuevo-8-1.jpg 1000w, https:\/\/labestiapolitica.com.mx\/wp-content\/uploads\/2025\/10\/Proyecto-nuevo-8-1-300x180.jpg 300w, https:\/\/labestiapolitica.com.mx\/wp-content\/uploads\/2025\/10\/Proyecto-nuevo-8-1-768x461.jpg 768w\" sizes=\"auto, (max-width: 1000px) 100vw, 1000px\" \/> <img loading=\"lazy\" decoding=\"async\" class=\"alignnone size-full wp-image-51484\" src=\"https:\/\/labestiapolitica.com.mx\/wp-content\/uploads\/2025\/10\/Proyecto-nuevo-7-1.jpg\" alt=\"\" width=\"1000\" height=\"600\" srcset=\"https:\/\/labestiapolitica.com.mx\/wp-content\/uploads\/2025\/10\/Proyecto-nuevo-7-1.jpg 1000w, https:\/\/labestiapolitica.com.mx\/wp-content\/uploads\/2025\/10\/Proyecto-nuevo-7-1-300x180.jpg 300w, https:\/\/labestiapolitica.com.mx\/wp-content\/uploads\/2025\/10\/Proyecto-nuevo-7-1-768x461.jpg 768w\" sizes=\"auto, (max-width: 1000px) 100vw, 1000px\" \/> <img loading=\"lazy\" decoding=\"async\" class=\"alignnone size-full wp-image-51485\" src=\"https:\/\/labestiapolitica.com.mx\/wp-content\/uploads\/2025\/10\/Proyecto-nuevo-6-1.jpg\" alt=\"\" width=\"1000\" height=\"600\" srcset=\"https:\/\/labestiapolitica.com.mx\/wp-content\/uploads\/2025\/10\/Proyecto-nuevo-6-1.jpg 1000w, https:\/\/labestiapolitica.com.mx\/wp-content\/uploads\/2025\/10\/Proyecto-nuevo-6-1-300x180.jpg 300w, https:\/\/labestiapolitica.com.mx\/wp-content\/uploads\/2025\/10\/Proyecto-nuevo-6-1-768x461.jpg 768w\" sizes=\"auto, (max-width: 1000px) 100vw, 1000px\" \/><\/p>\n<p style=\"text-align: justify;\">\n","protected":false},"excerpt":{"rendered":"<p>Checa aqu\u00ed la encuesta de Impulso Mercadol\u00f3gico \u00a0 \u00a0 ExpectativasCambioFeria Fabiola M\u00c1RQUEZ\/ Tlaxcala, octubre de 2025. \u2014 Un estudio reciente realizado por Impulso Mercadol\u00f3gico revela un amplio rechazo ciudadano ante la posibilidad de cambiar la sede de la Feria de Tlaxcala al municipio de Amaxac de Guerrero, o de Yauhquemehcan en su caso. De acuerdo [&hellip;]<\/p>\n","protected":false},"author":3,"featured_media":51478,"comment_status":"open","ping_status":"open","sticky":false,"template":"","format":"standard","meta":{"footnotes":""},"categories":[12],"tags":[],"class_list":["post-51477","post","type-post","status-publish","format-standard","has-post-thumbnail","hentry","category-brujula-2026"],"amp_enabled":true,"_links":{"self":[{"href":"https:\/\/labestiapolitica.com.mx\/index.php?rest_route=\/wp\/v2\/posts\/51477","targetHints":{"allow":["GET"]}}],"collection":[{"href":"https:\/\/labestiapolitica.com.mx\/index.php?rest_route=\/wp\/v2\/posts"}],"about":[{"href":"https:\/\/labestiapolitica.com.mx\/index.php?rest_route=\/wp\/v2\/types\/post"}],"author":[{"embeddable":true,"href":"https:\/\/labestiapolitica.com.mx\/index.php?rest_route=\/wp\/v2\/users\/3"}],"replies":[{"embeddable":true,"href":"https:\/\/labestiapolitica.com.mx\/index.php?rest_route=%2Fwp%2Fv2%2Fcomments&post=51477"}],"version-history":[{"count":2,"href":"https:\/\/labestiapolitica.com.mx\/index.php?rest_route=\/wp\/v2\/posts\/51477\/revisions"}],"predecessor-version":[{"id":51486,"href":"https:\/\/labestiapolitica.com.mx\/index.php?rest_route=\/wp\/v2\/posts\/51477\/revisions\/51486"}],"wp:featuredmedia":[{"embeddable":true,"href":"https:\/\/labestiapolitica.com.mx\/index.php?rest_route=\/wp\/v2\/media\/51478"}],"wp:attachment":[{"href":"https:\/\/labestiapolitica.com.mx\/index.php?rest_route=%2Fwp%2Fv2%2Fmedia&parent=51477"}],"wp:term":[{"taxonomy":"category","embeddable":true,"href":"https:\/\/labestiapolitica.com.mx\/index.php?rest_route=%2Fwp%2Fv2%2Fcategories&post=51477"},{"taxonomy":"post_tag","embeddable":true,"href":"https:\/\/labestiapolitica.com.mx\/index.php?rest_route=%2Fwp%2Fv2%2Ftags&post=51477"}],"curies":[{"name":"wp","href":"https:\/\/api.w.org\/{rel}","templated":true}]}}