{"id":51494,"date":"2025-10-15T10:00:04","date_gmt":"2025-10-15T16:00:04","guid":{"rendered":"https:\/\/labestiapolitica.com.mx\/?p=51494"},"modified":"2025-10-15T10:00:04","modified_gmt":"2025-10-15T16:00:04","slug":"detienen-a-masculino-en-spm-llevaba-entre-sus-pertenencias-un-arma-de-fuego","status":"publish","type":"post","link":"https:\/\/labestiapolitica.com.mx\/?p=51494","title":{"rendered":"Detienen a masculino en SPM; llevaba entre sus pertenencias un arma de fuego."},"content":{"rendered":"<ul>\n<li style=\"text-align: justify;\">Fue puesto a disposici\u00f3n ante la autoridad competente resaltando la participaron los diferentes \u00f3rdenes de gobierno<\/li>\n<\/ul>\n<p style=\"text-align: justify;\">La tarde del 14 de octubre elementos de seguridad de San Pablo del Monte, en coordinaci\u00f3n con otras corporaciones, detuvieron a un masculino quien llevaba entre sus pertenencias un arma de fuego.<\/p>\n<p style=\"text-align: justify;\">El hecho, de acuerdo a la primera informaci\u00f3n, se registr\u00f3 por el Boulevard Bicentenario, espec\u00edficamente frente al hospital IMSS-Bienestar, donde la persona y el conductor de un transporte p\u00fablico se confrontaron a palabras.<\/p>\n<p style=\"text-align: justify;\">Seg\u00fan el reporte por parte de algunos usuarios, la persona iba a bordo de un veh\u00edculo color blanco, quien se baj\u00f3 de la unidad para reclamar al chofer.<\/p>\n<p style=\"text-align: justify;\">Posterior a ello, se fue rumbo a la carretera V\u00eda Corta, donde fue alcanzado por polic\u00edas municipales luego de recibir el reporte ciudadano, lugar donde tambi\u00e9n arribaron elementos de Tenancingo, de la polic\u00eda estatal y del Ej\u00e9rcito.<\/p>\n<p style=\"text-align: justify;\">Fue a la altura de la gasolinera donde, tras la revisi\u00f3n protocolaria, se percataron que llevaba un arma de fuego, por lo que procedieron a realizar la puesta disposici\u00f3n correspondiente, tanto del masculino, como del arma y la unidad que conduc\u00eda.<\/p>\n<p style=\"text-align: justify;\">Ser\u00e1 la autoridad competente quien se encargue de dar continuidad a las indagatorias, resaltando el reporte oportuno de la poblaci\u00f3n, as\u00ed como la coordinaci\u00f3n entre los diferentes \u00f3rdenes de gobierno.<\/p>\n<p>&nbsp;<\/p>\n<p><img loading=\"lazy\" decoding=\"async\" class=\"alignnone wp-image-28405 size-full\" src=\"https:\/\/labestiapolitica.com.mx\/wp-content\/uploads\/2024\/06\/U-NOVA-y-se-diferente.png\" alt=\"\" width=\"1000\" height=\"600\" srcset=\"https:\/\/labestiapolitica.com.mx\/wp-content\/uploads\/2024\/06\/U-NOVA-y-se-diferente.png 1000w, https:\/\/labestiapolitica.com.mx\/wp-content\/uploads\/2024\/06\/U-NOVA-y-se-diferente-300x180.png 300w, https:\/\/labestiapolitica.com.mx\/wp-content\/uploads\/2024\/06\/U-NOVA-y-se-diferente-768x461.png 768w\" sizes=\"auto, (max-width: 1000px) 100vw, 1000px\" \/><\/p>\n","protected":false},"excerpt":{"rendered":"<p>Fue puesto a disposici\u00f3n ante la autoridad competente resaltando la participaron los diferentes \u00f3rdenes de gobierno La tarde del 14 de octubre elementos de seguridad de San Pablo del Monte, en coordinaci\u00f3n con otras corporaciones, detuvieron a un masculino quien llevaba entre sus pertenencias un arma de fuego. El hecho, de acuerdo a la primera [&hellip;]<\/p>\n","protected":false},"author":5,"featured_media":51495,"comment_status":"open","ping_status":"open","sticky":false,"template":"","format":"standard","meta":{"footnotes":""},"categories":[12,216,223],"tags":[],"class_list":["post-51494","post","type-post","status-publish","format-standard","has-post-thumbnail","hentry","category-brujula-2026","category-municipios","category-san-pablo-del-monte"],"amp_enabled":true,"_links":{"self":[{"href":"https:\/\/labestiapolitica.com.mx\/index.php?rest_route=\/wp\/v2\/posts\/51494","targetHints":{"allow":["GET"]}}],"collection":[{"href":"https:\/\/labestiapolitica.com.mx\/index.php?rest_route=\/wp\/v2\/posts"}],"about":[{"href":"https:\/\/labestiapolitica.com.mx\/index.php?rest_route=\/wp\/v2\/types\/post"}],"author":[{"embeddable":true,"href":"https:\/\/labestiapolitica.com.mx\/index.php?rest_route=\/wp\/v2\/users\/5"}],"replies":[{"embeddable":true,"href":"https:\/\/labestiapolitica.com.mx\/index.php?rest_route=%2Fwp%2Fv2%2Fcomments&post=51494"}],"version-history":[{"count":1,"href":"https:\/\/labestiapolitica.com.mx\/index.php?rest_route=\/wp\/v2\/posts\/51494\/revisions"}],"predecessor-version":[{"id":51496,"href":"https:\/\/labestiapolitica.com.mx\/index.php?rest_route=\/wp\/v2\/posts\/51494\/revisions\/51496"}],"wp:featuredmedia":[{"embeddable":true,"href":"https:\/\/labestiapolitica.com.mx\/index.php?rest_route=\/wp\/v2\/media\/51495"}],"wp:attachment":[{"href":"https:\/\/labestiapolitica.com.mx\/index.php?rest_route=%2Fwp%2Fv2%2Fmedia&parent=51494"}],"wp:term":[{"taxonomy":"category","embeddable":true,"href":"https:\/\/labestiapolitica.com.mx\/index.php?rest_route=%2Fwp%2Fv2%2Fcategories&post=51494"},{"taxonomy":"post_tag","embeddable":true,"href":"https:\/\/labestiapolitica.com.mx\/index.php?rest_route=%2Fwp%2Fv2%2Ftags&post=51494"}],"curies":[{"name":"wp","href":"https:\/\/api.w.org\/{rel}","templated":true}]}}