{"id":51497,"date":"2025-10-15T10:03:08","date_gmt":"2025-10-15T16:03:08","guid":{"rendered":"https:\/\/labestiapolitica.com.mx\/?p=51497"},"modified":"2025-10-15T10:03:08","modified_gmt":"2025-10-15T16:03:08","slug":"detienen-a-un-hombre-por-intento-de-robo-en-zacatelco","status":"publish","type":"post","link":"https:\/\/labestiapolitica.com.mx\/?p=51497","title":{"rendered":"Detienen a un hombre por intento de robo en Zacatelco."},"content":{"rendered":"<p style=\"text-align: justify;\">Elementos de la Direcci\u00f3n de Seguridad P\u00fablica y Vialidad Municipal de Zacatelco detuvieron a un hombre por alteraci\u00f3n al orden p\u00fablico y tentativa de robo, la tarde del pasado 13 de octubre en la Secci\u00f3n Primera del municipio.<\/p>\n<p style=\"text-align: justify;\">De acuerdo con el reporte oficial, alrededor de las 14:20 horas los polic\u00edas municipales, durante su recorrido de seguridad y vigilancia sobre el Boulevard Mena, recibieron una llamada de emergencia, quien solicit\u00f3 apoyo en la calle Emiliano Zapata esquina con Benito Ju\u00e1rez, aproximadamente a 20 metros de una tienda.<\/p>\n<p style=\"text-align: justify;\">Al arribar al lugar, los oficiales observaron a un grupo de personas que ten\u00edan retenido a un hombre se\u00f1alado por el presunto intento de robo de una bicicleta en el municipio de Santo Toribio Xicohtzinco. Sin embargo, los ciudadanos manifestaron no desear proceder legalmente.<\/p>\n<p style=\"text-align: justify;\">El sujeto, identificado como Arturo N., de 27 a\u00f1os de edad y con domicilio en la Secci\u00f3n Primera de Zacatelco, se mostr\u00f3 agresivo con los elementos de seguridad, neg\u00e1ndose a retirarse del sitio y profiriendo insultos a la autoridad.<\/p>\n<p style=\"text-align: justify;\">Debido a su conducta alterada y presunto estado de intoxicaci\u00f3n por cannabinoides, los polic\u00edas procedieron a su detenci\u00f3n a las 14:30 horas, traslad\u00e1ndolo a la Direcci\u00f3n de Seguridad P\u00fablica para ser puesto a disposici\u00f3n del Juez Municipal.<\/p>\n<p>&nbsp;<\/p>\n<p><img loading=\"lazy\" decoding=\"async\" class=\"alignnone wp-image-28405 size-full\" src=\"https:\/\/labestiapolitica.com.mx\/wp-content\/uploads\/2024\/06\/U-NOVA-y-se-diferente.png\" alt=\"\" width=\"1000\" height=\"600\" srcset=\"https:\/\/labestiapolitica.com.mx\/wp-content\/uploads\/2024\/06\/U-NOVA-y-se-diferente.png 1000w, https:\/\/labestiapolitica.com.mx\/wp-content\/uploads\/2024\/06\/U-NOVA-y-se-diferente-300x180.png 300w, https:\/\/labestiapolitica.com.mx\/wp-content\/uploads\/2024\/06\/U-NOVA-y-se-diferente-768x461.png 768w\" sizes=\"auto, (max-width: 1000px) 100vw, 1000px\" \/><\/p>\n","protected":false},"excerpt":{"rendered":"<p>Elementos de la Direcci\u00f3n de Seguridad P\u00fablica y Vialidad Municipal de Zacatelco detuvieron a un hombre por alteraci\u00f3n al orden p\u00fablico y tentativa de robo, la tarde del pasado 13 de octubre en la Secci\u00f3n Primera del municipio. De acuerdo con el reporte oficial, alrededor de las 14:20 horas los polic\u00edas municipales, durante su recorrido [&hellip;]<\/p>\n","protected":false},"author":5,"featured_media":51498,"comment_status":"open","ping_status":"open","sticky":false,"template":"","format":"standard","meta":{"footnotes":""},"categories":[12,216,217],"tags":[],"class_list":["post-51497","post","type-post","status-publish","format-standard","has-post-thumbnail","hentry","category-brujula-2026","category-municipios","category-zacatelco"],"amp_enabled":true,"_links":{"self":[{"href":"https:\/\/labestiapolitica.com.mx\/index.php?rest_route=\/wp\/v2\/posts\/51497","targetHints":{"allow":["GET"]}}],"collection":[{"href":"https:\/\/labestiapolitica.com.mx\/index.php?rest_route=\/wp\/v2\/posts"}],"about":[{"href":"https:\/\/labestiapolitica.com.mx\/index.php?rest_route=\/wp\/v2\/types\/post"}],"author":[{"embeddable":true,"href":"https:\/\/labestiapolitica.com.mx\/index.php?rest_route=\/wp\/v2\/users\/5"}],"replies":[{"embeddable":true,"href":"https:\/\/labestiapolitica.com.mx\/index.php?rest_route=%2Fwp%2Fv2%2Fcomments&post=51497"}],"version-history":[{"count":1,"href":"https:\/\/labestiapolitica.com.mx\/index.php?rest_route=\/wp\/v2\/posts\/51497\/revisions"}],"predecessor-version":[{"id":51499,"href":"https:\/\/labestiapolitica.com.mx\/index.php?rest_route=\/wp\/v2\/posts\/51497\/revisions\/51499"}],"wp:featuredmedia":[{"embeddable":true,"href":"https:\/\/labestiapolitica.com.mx\/index.php?rest_route=\/wp\/v2\/media\/51498"}],"wp:attachment":[{"href":"https:\/\/labestiapolitica.com.mx\/index.php?rest_route=%2Fwp%2Fv2%2Fmedia&parent=51497"}],"wp:term":[{"taxonomy":"category","embeddable":true,"href":"https:\/\/labestiapolitica.com.mx\/index.php?rest_route=%2Fwp%2Fv2%2Fcategories&post=51497"},{"taxonomy":"post_tag","embeddable":true,"href":"https:\/\/labestiapolitica.com.mx\/index.php?rest_route=%2Fwp%2Fv2%2Ftags&post=51497"}],"curies":[{"name":"wp","href":"https:\/\/api.w.org\/{rel}","templated":true}]}}