{"id":51500,"date":"2025-10-15T10:05:55","date_gmt":"2025-10-15T16:05:55","guid":{"rendered":"https:\/\/labestiapolitica.com.mx\/?p=51500"},"modified":"2025-10-15T10:05:55","modified_gmt":"2025-10-15T16:05:55","slug":"gobierno-municipal-y-dif-zacatelco-llevan-la-feria-de-servicios-a-la-secundaria-domingo-arenas","status":"publish","type":"post","link":"https:\/\/labestiapolitica.com.mx\/?p=51500","title":{"rendered":"Gobierno Municipal y DIF Zacatelco llevan la Feria de Servicios a la Secundaria Domingo Arenas."},"content":{"rendered":"<p style=\"text-align: justify;\">El Gobierno Municipal de Zacatelco, en coordinaci\u00f3n con el Sistema Municipal DIF, llev\u00f3 a cabo una Feria de Servicios en la Escuela Secundaria Domingo Arenas, donde se present\u00f3 el programa \u201cHabla con tus hijos, escucha su coraz\u00f3n\u201d, una iniciativa de sensibilizaci\u00f3n dirigida a madres, padres y tutores, con el objetivo de fortalecer la comunicaci\u00f3n familiar y fomentar el bienestar emocional de las y los adolescentes.<\/p>\n<p style=\"text-align: justify;\">Durante el evento, la directora del plantel Ver\u00f3nica Mej\u00eda Camargo, dio la bienvenida a las autoridades municipales, docentes, estudiantes y padres de familia, destacando la importancia del acompa\u00f1amiento parental en la formaci\u00f3n de los j\u00f3venes. Se\u00f1al\u00f3 que este programa busca concientizar a las familias sobre la relevancia de mantener un di\u00e1logo abierto, afectivo y emp\u00e1tico, que permita a los adolescentes expresar sus emociones y enfrentar con responsabilidad los retos de la actualidad.<\/p>\n<p style=\"text-align: justify;\">En su intervenci\u00f3n, el presidente municipal Jos\u00e9 Miguel Acatzi Luna agradeci\u00f3 la invitaci\u00f3n y reconoci\u00f3 el compromiso de la comunidad educativa por abrir espacios de reflexi\u00f3n y escucha. En un mensaje dirigido tanto como autoridad como padre de familia, enfatiz\u00f3 que la comunicaci\u00f3n y la cercan\u00eda con los hijos son fundamentales para prevenir problem\u00e1ticas sociales como las adicciones, la violencia y los trastornos emocionales.<\/p>\n<p style=\"text-align: justify;\">\u201cCuando se trata de nuestros hijos no es perder el tiempo, es darles lo que necesitan: acompa\u00f1amiento, atenci\u00f3n y amor. Hoy m\u00e1s que nunca debemos trabajar en equipo para fortalecer el entorno familiar y propiciar un desarrollo integral para nuestras ni\u00f1as, ni\u00f1os y adolescentes\u201d, expres\u00f3 el alcalde.<\/p>\n<p style=\"text-align: justify;\">Asimismo, el presidente municipal destac\u00f3 las acciones que su administraci\u00f3n ha emprendido para fortalecer la seguridad p\u00fablica, como la adquisici\u00f3n de nuevas patrullas, motocicletas y la certificaci\u00f3n del personal policial, subrayando que la prevenci\u00f3n social de la violencia comienza desde los hogares y las escuelas.<\/p>\n<p style=\"text-align: justify;\">Posteriormente, las y los estudiantes participaron en una feria de servicios donde se ofrecieron atenciones del Instituto Municipal de la Mujer, M\u00f3dulo Dental, Unidad M\u00f3vil de Salud, Procuradur\u00eda Municipal de Protecci\u00f3n de Ni\u00f1as, Ni\u00f1os y Adolescentes, \u00c1rea de Nutrici\u00f3n y el Instituto Municipal de Atenci\u00f3n a Personas con Discapacidad, entre otros.<\/p>\n<p style=\"text-align: justify;\">Al evento asistieron tambi\u00e9n la presidenta honor\u00edfica del DIF Municipal, Natali Chamorro Garz\u00f3n; el director del DIF Jos\u00e9 Alfredo Serrano D\u00edaz, los coordinadores del programa Miguel Gonz\u00e1lez D\u00edaz y Cinthia Guadalupe D\u00edaz Trinidad, el director del Instituto Municipal de Atenci\u00f3n a Personas con Discapacidad Josu\u00e9 M\u00e9ndez Gonz\u00e1lez y la asesora t\u00e9cnico-pedag\u00f3gica de la zona 04 Ana Mar\u00eda Pertupe V\u00e1zquez, adem\u00e1s de docentes y padres de familia.<\/p>\n<p style=\"text-align: justify;\">Con estas acciones, el Gobierno Municipal de Zacatelco y el DIF reafirman su compromiso con la educaci\u00f3n, la salud emocional y el fortalecimiento del n\u00facleo familiar como base del desarrollo social.<\/p>\n<p>&nbsp;<\/p>\n<p><img loading=\"lazy\" decoding=\"async\" class=\"alignnone wp-image-28405 size-full\" src=\"https:\/\/labestiapolitica.com.mx\/wp-content\/uploads\/2024\/06\/U-NOVA-y-se-diferente.png\" alt=\"\" width=\"1000\" height=\"600\" srcset=\"https:\/\/labestiapolitica.com.mx\/wp-content\/uploads\/2024\/06\/U-NOVA-y-se-diferente.png 1000w, https:\/\/labestiapolitica.com.mx\/wp-content\/uploads\/2024\/06\/U-NOVA-y-se-diferente-300x180.png 300w, https:\/\/labestiapolitica.com.mx\/wp-content\/uploads\/2024\/06\/U-NOVA-y-se-diferente-768x461.png 768w\" sizes=\"auto, (max-width: 1000px) 100vw, 1000px\" \/><\/p>\n","protected":false},"excerpt":{"rendered":"<p>El Gobierno Municipal de Zacatelco, en coordinaci\u00f3n con el Sistema Municipal DIF, llev\u00f3 a cabo una Feria de Servicios en la Escuela Secundaria Domingo Arenas, donde se present\u00f3 el programa \u201cHabla con tus hijos, escucha su coraz\u00f3n\u201d, una iniciativa de sensibilizaci\u00f3n dirigida a madres, padres y tutores, con el objetivo de fortalecer la comunicaci\u00f3n familiar [&hellip;]<\/p>\n","protected":false},"author":5,"featured_media":51501,"comment_status":"open","ping_status":"open","sticky":false,"template":"","format":"standard","meta":{"footnotes":""},"categories":[7,216,217],"tags":[],"class_list":["post-51500","post","type-post","status-publish","format-standard","has-post-thumbnail","hentry","category-ciudadanos","category-municipios","category-zacatelco"],"amp_enabled":true,"_links":{"self":[{"href":"https:\/\/labestiapolitica.com.mx\/index.php?rest_route=\/wp\/v2\/posts\/51500","targetHints":{"allow":["GET"]}}],"collection":[{"href":"https:\/\/labestiapolitica.com.mx\/index.php?rest_route=\/wp\/v2\/posts"}],"about":[{"href":"https:\/\/labestiapolitica.com.mx\/index.php?rest_route=\/wp\/v2\/types\/post"}],"author":[{"embeddable":true,"href":"https:\/\/labestiapolitica.com.mx\/index.php?rest_route=\/wp\/v2\/users\/5"}],"replies":[{"embeddable":true,"href":"https:\/\/labestiapolitica.com.mx\/index.php?rest_route=%2Fwp%2Fv2%2Fcomments&post=51500"}],"version-history":[{"count":1,"href":"https:\/\/labestiapolitica.com.mx\/index.php?rest_route=\/wp\/v2\/posts\/51500\/revisions"}],"predecessor-version":[{"id":51502,"href":"https:\/\/labestiapolitica.com.mx\/index.php?rest_route=\/wp\/v2\/posts\/51500\/revisions\/51502"}],"wp:featuredmedia":[{"embeddable":true,"href":"https:\/\/labestiapolitica.com.mx\/index.php?rest_route=\/wp\/v2\/media\/51501"}],"wp:attachment":[{"href":"https:\/\/labestiapolitica.com.mx\/index.php?rest_route=%2Fwp%2Fv2%2Fmedia&parent=51500"}],"wp:term":[{"taxonomy":"category","embeddable":true,"href":"https:\/\/labestiapolitica.com.mx\/index.php?rest_route=%2Fwp%2Fv2%2Fcategories&post=51500"},{"taxonomy":"post_tag","embeddable":true,"href":"https:\/\/labestiapolitica.com.mx\/index.php?rest_route=%2Fwp%2Fv2%2Ftags&post=51500"}],"curies":[{"name":"wp","href":"https:\/\/api.w.org\/{rel}","templated":true}]}}