{"id":51503,"date":"2025-10-15T10:09:38","date_gmt":"2025-10-15T16:09:38","guid":{"rendered":"https:\/\/labestiapolitica.com.mx\/?p=51503"},"modified":"2025-10-15T10:09:38","modified_gmt":"2025-10-15T16:09:38","slug":"huamantla-promueve-su-cultura-y-tradiciones-con-el-ciclo-de-conferencias-conoce-huamantla-y-el-ciclo-de-cine-conmemorativo","status":"publish","type":"post","link":"https:\/\/labestiapolitica.com.mx\/?p=51503","title":{"rendered":"Huamantla promueve su cultura y tradiciones con el ciclo de conferencias \u201cConoce Huamantla\u201d y el ciclo de cine conmemorativo."},"content":{"rendered":"<p style=\"text-align: justify;\">En el marco de los 491 a\u00f1os de la fundaci\u00f3n de Huamantla, el Gobierno Municipal que encabeza Salvador Santos Cedillo contin\u00faa impulsando actividades culturales que fortalecen la identidad y el amor por la historia del municipio.<\/p>\n<p style=\"text-align: justify;\">Este mi\u00e9rcoles 15 de octubre, a las 10:00 horas, en el Auditorio del Museo Taurino, se llevar\u00e1 a cabo la conferencia \u201cElaboraci\u00f3n de alfombras y tapetes en Huamantla, fiesta y tradici\u00f3n de Arte Ef\u00edmero, Patrimonio Cultural Inmaterial de M\u00e9xico\u201d, impartida por la Lic. Isabel Aquino Romero, cronista municipal. Durante la charla, se abordar\u00e1 el proceso, significado y trascendencia de esta manifestaci\u00f3n art\u00edstica reconocida a nivel nacional e internacional como un s\u00edmbolo del pueblo huamantleco.<\/p>\n<p style=\"text-align: justify;\">Por la tarde, a las 16:30 horas, en el Museo Taurino, continuar\u00e1 el ciclo de cine conmemorativo con la proyecci\u00f3n de la pel\u00edcula \u201cEl \u00daltimo Vag\u00f3n\u201d, una cinta que invita a reflexionar sobre los valores de la educaci\u00f3n, la comunidad y la perseverancia.<\/p>\n<p style=\"text-align: justify;\">Con estas actividades, el Gobierno Municipal reafirma su compromiso de promover el arte, la historia y la cultura como pilares fundamentales del desarrollo social y del orgullo huamantleco.<\/p>\n<p style=\"text-align: justify;\">Huamantla, 491 a\u00f1os de historia, cultura y tradici\u00f3n.<\/p>\n<p><img loading=\"lazy\" decoding=\"async\" class=\"alignnone wp-image-28405 size-full\" src=\"https:\/\/labestiapolitica.com.mx\/wp-content\/uploads\/2024\/06\/U-NOVA-y-se-diferente.png\" alt=\"\" width=\"1000\" height=\"600\" srcset=\"https:\/\/labestiapolitica.com.mx\/wp-content\/uploads\/2024\/06\/U-NOVA-y-se-diferente.png 1000w, https:\/\/labestiapolitica.com.mx\/wp-content\/uploads\/2024\/06\/U-NOVA-y-se-diferente-300x180.png 300w, https:\/\/labestiapolitica.com.mx\/wp-content\/uploads\/2024\/06\/U-NOVA-y-se-diferente-768x461.png 768w\" sizes=\"auto, (max-width: 1000px) 100vw, 1000px\" \/><\/p>\n","protected":false},"excerpt":{"rendered":"<p>En el marco de los 491 a\u00f1os de la fundaci\u00f3n de Huamantla, el Gobierno Municipal que encabeza Salvador Santos Cedillo contin\u00faa impulsando actividades culturales que fortalecen la identidad y el amor por la historia del municipio. Este mi\u00e9rcoles 15 de octubre, a las 10:00 horas, en el Auditorio del Museo Taurino, se llevar\u00e1 a cabo [&hellip;]<\/p>\n","protected":false},"author":5,"featured_media":51504,"comment_status":"open","ping_status":"open","sticky":false,"template":"","format":"standard","meta":{"footnotes":""},"categories":[7,220,216],"tags":[],"class_list":["post-51503","post","type-post","status-publish","format-standard","has-post-thumbnail","hentry","category-ciudadanos","category-huamantla","category-municipios"],"amp_enabled":true,"_links":{"self":[{"href":"https:\/\/labestiapolitica.com.mx\/index.php?rest_route=\/wp\/v2\/posts\/51503","targetHints":{"allow":["GET"]}}],"collection":[{"href":"https:\/\/labestiapolitica.com.mx\/index.php?rest_route=\/wp\/v2\/posts"}],"about":[{"href":"https:\/\/labestiapolitica.com.mx\/index.php?rest_route=\/wp\/v2\/types\/post"}],"author":[{"embeddable":true,"href":"https:\/\/labestiapolitica.com.mx\/index.php?rest_route=\/wp\/v2\/users\/5"}],"replies":[{"embeddable":true,"href":"https:\/\/labestiapolitica.com.mx\/index.php?rest_route=%2Fwp%2Fv2%2Fcomments&post=51503"}],"version-history":[{"count":1,"href":"https:\/\/labestiapolitica.com.mx\/index.php?rest_route=\/wp\/v2\/posts\/51503\/revisions"}],"predecessor-version":[{"id":51505,"href":"https:\/\/labestiapolitica.com.mx\/index.php?rest_route=\/wp\/v2\/posts\/51503\/revisions\/51505"}],"wp:featuredmedia":[{"embeddable":true,"href":"https:\/\/labestiapolitica.com.mx\/index.php?rest_route=\/wp\/v2\/media\/51504"}],"wp:attachment":[{"href":"https:\/\/labestiapolitica.com.mx\/index.php?rest_route=%2Fwp%2Fv2%2Fmedia&parent=51503"}],"wp:term":[{"taxonomy":"category","embeddable":true,"href":"https:\/\/labestiapolitica.com.mx\/index.php?rest_route=%2Fwp%2Fv2%2Fcategories&post=51503"},{"taxonomy":"post_tag","embeddable":true,"href":"https:\/\/labestiapolitica.com.mx\/index.php?rest_route=%2Fwp%2Fv2%2Ftags&post=51503"}],"curies":[{"name":"wp","href":"https:\/\/api.w.org\/{rel}","templated":true}]}}