{"id":51524,"date":"2025-10-15T10:34:58","date_gmt":"2025-10-15T16:34:58","guid":{"rendered":"https:\/\/labestiapolitica.com.mx\/?p=51524"},"modified":"2025-10-15T10:34:58","modified_gmt":"2025-10-15T16:34:58","slug":"la-arquitectura-de-tlaxcala-trasciende-en-la-historia-alfonso-sanchez-garcia","status":"publish","type":"post","link":"https:\/\/labestiapolitica.com.mx\/?p=51524","title":{"rendered":"La arquitectura de Tlaxcala trasciende en la historia: Alfonso S\u00e1nchez Garc\u00eda."},"content":{"rendered":"<article class=\"text-token-text-primary w-full focus:outline-none [--shadow-height:45px] has-data-writing-block:pointer-events-none has-data-writing-block:-mt-(--shadow-height) has-data-writing-block:pt-(--shadow-height) [&amp;:has([data-writing-block])&gt;*]:pointer-events-auto scroll-mt-[calc(var(--header-height)+min(200px,max(70px,20svh)))]\" dir=\"auto\" tabindex=\"-1\" data-turn-id=\"request-6893db7b-9434-832e-ac9d-f60ec7608623-2\" data-testid=\"conversation-turn-334\" data-scroll-anchor=\"true\" data-turn=\"assistant\">\n<div class=\"text-base my-auto mx-auto pb-10 [--thread-content-margin:--spacing(4)] thread-sm:[--thread-content-margin:--spacing(6)] thread-lg:[--thread-content-margin:--spacing(16)] px-(--thread-content-margin)\">\n<div class=\"[--thread-content-max-width:40rem] thread-lg:[--thread-content-max-width:48rem] mx-auto max-w-(--thread-content-max-width) flex-1 group\/turn-messages focus-visible:outline-hidden relative flex w-full min-w-0 flex-col agent-turn\" tabindex=\"-1\">\n<div class=\"flex max-w-full flex-col grow\">\n<div class=\"min-h-8 text-message relative flex w-full flex-col items-end gap-2 text-start break-words whitespace-normal [.text-message+&amp;]:mt-1\" dir=\"auto\" data-message-author-role=\"assistant\" data-message-id=\"36d6a7a8-6cbf-4d44-928c-81a53dfcbd75\" data-message-model-slug=\"gpt-5\">\n<div class=\"flex w-full flex-col gap-1 empty:hidden first:pt-[1px]\">\n<div class=\"markdown prose dark:prose-invert w-full break-words dark markdown-new-styling\">\n<p style=\"text-align: justify;\" data-start=\"69\" data-end=\"151\" data-is-last-node=\"\" data-is-only-node=\"\">En la recta final de los festejos por los 500 a\u00f1os de la fundaci\u00f3n de la ciudad, el alcalde Alfonso S\u00e1nchez Garc\u00eda atestigu\u00f3 la presentaci\u00f3n del libro \u201cTlaxcala de Xicoht\u00e9ncatl, Zona de Monumentos Hist\u00f3ricos\u201d y la develaci\u00f3n de placas con c\u00f3digo QR y placas con Sistema Braille y QR, que \u2014afirm\u00f3\u2014 representan una nueva forma de acercar el patrimonio hist\u00f3rico a tlaxcaltecas y visitantes.<\/p>\n<\/div>\n<\/div>\n<\/div>\n<\/div>\n<\/div>\n<\/div>\n<\/article>\n<p style=\"text-align: justify;\">Alfonso S\u00e1nchez Garc\u00eda destac\u00f3 que este nuevo libro, elaborado en coordinaci\u00f3n con el Instituto Nacional de Antropolog\u00eda e Historia (INAH), es una muestra del compromiso compartido por preservar, difundir y revalorar el legado de Tlaxcala.<\/p>\n<p style=\"text-align: justify;\">\u201cNuestro patrimonio tambi\u00e9n se resguarda en las ideas, en la investigaci\u00f3n y en la voluntad colectiva de quienes trabajan por mantener viva nuestra historia. Podemos decir que la arquitectura de Tlaxcala trasciende en la historia\u201d, afirm\u00f3 el edil capitalino.<\/p>\n<p style=\"text-align: justify;\">Asimismo, reconoci\u00f3 el impulso de la Gobernadora Lorena Cu\u00e9llar Cisneros a la cultura y al patrimonio del estado, y expres\u00f3 su agradecimiento al equipo de investigadores y especialistas del INAH por fortalecer la identidad de las y los tlaxcaltecas a trav\u00e9s de su labor.<\/p>\n<p style=\"text-align: justify;\">Por su parte, Valeria Valero Pie, coordinadora nacional de Monumentos Hist\u00f3ricos del INAH, subray\u00f3 que la obra \u201cTlaxcala de Xicoht\u00e9ncatl, Zona de Monumentos Hist\u00f3ricos\u201d constituye una reflexi\u00f3n profunda sobre el patrimonio cultural de una de las ciudades m\u00e1s emblem\u00e1ticas del pa\u00eds.<\/p>\n<p style=\"text-align: justify;\">\u201cEsta publicaci\u00f3n no busca una mirada nost\u00e1lgica del pasado, sino una revaloraci\u00f3n cr\u00edtica y consciente de los elementos que han dado forma al rostro de la ciudad\u201d, sostuvo. Adem\u00e1s, destac\u00f3 que Tlaxcala sigue siendo un nodo fundamental para comprender el desarrollo del centro de M\u00e9xico, por su riqueza arquitect\u00f3nica, urbana y simb\u00f3lica.<\/p>\n<p style=\"text-align: justify;\">Valero Pie a\u00f1adi\u00f3 que este volumen forma parte de la colecci\u00f3n Patrimonio del INAH, un proyecto editorial que busca difundir y preservar la riqueza de las zonas de monumentos hist\u00f3ricos del pa\u00eds.<\/p>\n<p style=\"text-align: justify;\">Durante el evento, que se llev\u00f3 a cabo en la Sala De Profundis del Museo Regional del INAH, el secretario de Turismo, Fabricio Mena Rodr\u00edguez, realiz\u00f3 la presentaci\u00f3n de placas con sistemas Braille y C\u00f3digos QR para los monumentos hist\u00f3ricos de la ciudad de Tlaxcala.<\/p>\n<p style=\"text-align: justify;\">En representaci\u00f3n de la Gobernadora, Lorena Cu\u00e9llar Cisneros, la Secretaria de Cultura, Karen \u00c1lvarez Villeda, destac\u00f3 que en coordinaci\u00f3n con el Ayuntamiento de Tlaxcala y el INAH, la administraci\u00f3n estatal impulsa una estrategia de innovaci\u00f3n cultural que contempla la colocaci\u00f3n de placas con c\u00f3digos QR y sistema braille en cerca de 170 inmuebles hist\u00f3ricos del municipio, con el prop\u00f3sito de que tanto habitantes como visitantes puedan acceder a informaci\u00f3n hist\u00f3rica y patrimonial de forma incluyente y accesible.<\/p>\n<p style=\"text-align: justify;\">Agreg\u00f3 que a trav\u00e9s de esta herramienta digital, cualquier persona podr\u00e1 escanear el c\u00f3digo desde su dispositivo m\u00f3vil y ser dirigida al Cat\u00e1logo Nacional de Monumentos Hist\u00f3ricos Inmuebles del INAH, donde se concentra la informaci\u00f3n que da vida y sentido a la historia de Tlaxcala.<\/p>\n<p style=\"text-align: justify;\">A lo largo de esta actividad estuvieron presentes funcionarios municipales, estatales y federales, as\u00ed como investigadores y p\u00fablico en general.<\/p>\n<p>&nbsp;<\/p>\n<p><img loading=\"lazy\" decoding=\"async\" class=\"alignnone wp-image-28405 size-full\" src=\"https:\/\/labestiapolitica.com.mx\/wp-content\/uploads\/2024\/06\/U-NOVA-y-se-diferente.png\" alt=\"\" width=\"1000\" height=\"600\" srcset=\"https:\/\/labestiapolitica.com.mx\/wp-content\/uploads\/2024\/06\/U-NOVA-y-se-diferente.png 1000w, https:\/\/labestiapolitica.com.mx\/wp-content\/uploads\/2024\/06\/U-NOVA-y-se-diferente-300x180.png 300w, https:\/\/labestiapolitica.com.mx\/wp-content\/uploads\/2024\/06\/U-NOVA-y-se-diferente-768x461.png 768w\" sizes=\"auto, (max-width: 1000px) 100vw, 1000px\" \/><\/p>\n","protected":false},"excerpt":{"rendered":"<p>En la recta final de los festejos por los 500 a\u00f1os de la fundaci\u00f3n de la ciudad, el alcalde Alfonso S\u00e1nchez Garc\u00eda atestigu\u00f3 la presentaci\u00f3n del libro \u201cTlaxcala de Xicoht\u00e9ncatl, Zona de Monumentos Hist\u00f3ricos\u201d y la develaci\u00f3n de placas con c\u00f3digo QR y placas con Sistema Braille y QR, que \u2014afirm\u00f3\u2014 representan una nueva forma [&hellip;]<\/p>\n","protected":false},"author":5,"featured_media":0,"comment_status":"open","ping_status":"open","sticky":false,"template":"","format":"standard","meta":{"footnotes":""},"categories":[7,216,214],"tags":[],"class_list":["post-51524","post","type-post","status-publish","format-standard","hentry","category-ciudadanos","category-municipios","category-tlaxcala-capital"],"amp_enabled":true,"_links":{"self":[{"href":"https:\/\/labestiapolitica.com.mx\/index.php?rest_route=\/wp\/v2\/posts\/51524","targetHints":{"allow":["GET"]}}],"collection":[{"href":"https:\/\/labestiapolitica.com.mx\/index.php?rest_route=\/wp\/v2\/posts"}],"about":[{"href":"https:\/\/labestiapolitica.com.mx\/index.php?rest_route=\/wp\/v2\/types\/post"}],"author":[{"embeddable":true,"href":"https:\/\/labestiapolitica.com.mx\/index.php?rest_route=\/wp\/v2\/users\/5"}],"replies":[{"embeddable":true,"href":"https:\/\/labestiapolitica.com.mx\/index.php?rest_route=%2Fwp%2Fv2%2Fcomments&post=51524"}],"version-history":[{"count":1,"href":"https:\/\/labestiapolitica.com.mx\/index.php?rest_route=\/wp\/v2\/posts\/51524\/revisions"}],"predecessor-version":[{"id":51526,"href":"https:\/\/labestiapolitica.com.mx\/index.php?rest_route=\/wp\/v2\/posts\/51524\/revisions\/51526"}],"wp:attachment":[{"href":"https:\/\/labestiapolitica.com.mx\/index.php?rest_route=%2Fwp%2Fv2%2Fmedia&parent=51524"}],"wp:term":[{"taxonomy":"category","embeddable":true,"href":"https:\/\/labestiapolitica.com.mx\/index.php?rest_route=%2Fwp%2Fv2%2Fcategories&post=51524"},{"taxonomy":"post_tag","embeddable":true,"href":"https:\/\/labestiapolitica.com.mx\/index.php?rest_route=%2Fwp%2Fv2%2Ftags&post=51524"}],"curies":[{"name":"wp","href":"https:\/\/api.w.org\/{rel}","templated":true}]}}