{"id":51530,"date":"2025-10-15T10:41:14","date_gmt":"2025-10-15T16:41:14","guid":{"rendered":"https:\/\/labestiapolitica.com.mx\/?p=51530"},"modified":"2025-10-15T10:41:14","modified_gmt":"2025-10-15T16:41:14","slug":"alcalde-alfonso-sanchez-garcia-reconoce-40-anos-de-historia-y-vocacion-educativa-de-la-primaria-xicohtencatl-axayacatzin","status":"publish","type":"post","link":"https:\/\/labestiapolitica.com.mx\/?p=51530","title":{"rendered":"Alcalde Alfonso S\u00e1nchez Garc\u00eda reconoce 40 a\u00f1os de historia y vocaci\u00f3n educativa de la Primaria \u201cXicoht\u00e9ncatl Axayacatzin\u201d."},"content":{"rendered":"<p style=\"text-align: justify;\">El presidente municipal de Tlaxcala, Alfonso S\u00e1nchez Garc\u00eda, presidi\u00f3 la ceremonia por el 40 aniversario de la Escuela Primaria \u201cXicoht\u00e9ncatl Axayacatzin\u201d, ubicada en la comunidad de Loma Bonita, donde reconoci\u00f3 cuatro d\u00e9cadas de trabajo de la instituci\u00f3n y su compromiso con la educaci\u00f3n.<\/p>\n<p style=\"text-align: justify;\">En medio de un ambiente festivo, y ante la mirada de alumnos, docentes y padres de familia, el alcalde y la directora del plantel, Leodegaria Cova Torres, llevaron a cabo la develaci\u00f3n de la placa conmemorativa, la cual quedar\u00e1 en las instalaciones de la escuela como s\u00edmbolo del esfuerzo colectivo y legado educativo en la capital tlaxcalteca.<\/p>\n<p style=\"text-align: justify;\">\u201cLa develaci\u00f3n de esta placa es un reconocimiento merecido al trabajo de quienes, d\u00eda a d\u00eda, con compromiso y paciencia, han mantenido viva la vocaci\u00f3n de ense\u00f1ar y de acompa\u00f1ar a sus estudiantes en el camino del conocimiento\u201d, expres\u00f3 el edil capitalino.<\/p>\n<p style=\"text-align: justify;\">En su mensaje, S\u00e1nchez Garc\u00eda tambi\u00e9n reiter\u00f3 su compromiso con la educaci\u00f3n desde el Ayuntamiento de Tlaxcala, al asegurar que es en las escuelas donde se siembra el futuro y se inculcan los valores que forman ciudadanos honestos, trabajadores y orgullosos de sus ra\u00edces.<\/p>\n<p style=\"text-align: justify;\">Por su parte, Cova Torres record\u00f3 que en estas cuatro d\u00e9cadas la instituci\u00f3n ha dejado una huella imborrable en la formaci\u00f3n de generaciones de estudiantes comprometidos y preparados para enfrentar desaf\u00edos.<\/p>\n<p style=\"text-align: justify;\">Adem\u00e1s, la directora agradeci\u00f3 al alcalde su inter\u00e9s por esta instituci\u00f3n, donde \u00e9l mismo encabez\u00f3 una jornada de Tequios previo al inicio del ciclo escolar. \u00abEstamos muy agradecidos con su trabajo en favor de nuestra escuela\u00bb, reiter\u00f3.<\/p>\n<p style=\"text-align: justify;\">En tanto, la presidenta de la sociedad de padres de familia, Berenice Flores S\u00e1nchez, agradeci\u00f3 al presidente municipal Alfonso S\u00e1nchez Garc\u00eda por el respaldo brindado a la instituci\u00f3n.<\/p>\n<p style=\"text-align: justify;\">Durante el acto estuvieron presentes Alma Rosa Sampedro Reyes, Directora de Educaci\u00f3n B\u00e1sica; Marco Antonio Valencia Barrientos, Director de Servicios P\u00fablicos y Eco Tecnolog\u00edas del municipio de Tlaxcala; Emmanuel V\u00e1zquez Nava, Director de Bienestar Humano Municipal; Luis Javier Sapien Mu\u00f1oz, delegado de Tlapancalco; Norma Figueroa Le\u00f3n, delegada de Loma Bonita, y Jos\u00e9 Mel\u00e9ndez Ju\u00e1rez, supervisor de la zona escolar 40.<\/p>\n<p>&nbsp;<\/p>\n<p><img loading=\"lazy\" decoding=\"async\" class=\"alignnone wp-image-28405 size-full\" src=\"https:\/\/labestiapolitica.com.mx\/wp-content\/uploads\/2024\/06\/U-NOVA-y-se-diferente.png\" alt=\"\" width=\"1000\" height=\"600\" srcset=\"https:\/\/labestiapolitica.com.mx\/wp-content\/uploads\/2024\/06\/U-NOVA-y-se-diferente.png 1000w, https:\/\/labestiapolitica.com.mx\/wp-content\/uploads\/2024\/06\/U-NOVA-y-se-diferente-300x180.png 300w, https:\/\/labestiapolitica.com.mx\/wp-content\/uploads\/2024\/06\/U-NOVA-y-se-diferente-768x461.png 768w\" sizes=\"auto, (max-width: 1000px) 100vw, 1000px\" \/><\/p>\n","protected":false},"excerpt":{"rendered":"<p>El presidente municipal de Tlaxcala, Alfonso S\u00e1nchez Garc\u00eda, presidi\u00f3 la ceremonia por el 40 aniversario de la Escuela Primaria \u201cXicoht\u00e9ncatl Axayacatzin\u201d, ubicada en la comunidad de Loma Bonita, donde reconoci\u00f3 cuatro d\u00e9cadas de trabajo de la instituci\u00f3n y su compromiso con la educaci\u00f3n. En medio de un ambiente festivo, y ante la mirada de alumnos, [&hellip;]<\/p>\n","protected":false},"author":5,"featured_media":51531,"comment_status":"open","ping_status":"open","sticky":false,"template":"","format":"standard","meta":{"footnotes":""},"categories":[7,216,214],"tags":[],"class_list":["post-51530","post","type-post","status-publish","format-standard","has-post-thumbnail","hentry","category-ciudadanos","category-municipios","category-tlaxcala-capital"],"amp_enabled":true,"_links":{"self":[{"href":"https:\/\/labestiapolitica.com.mx\/index.php?rest_route=\/wp\/v2\/posts\/51530","targetHints":{"allow":["GET"]}}],"collection":[{"href":"https:\/\/labestiapolitica.com.mx\/index.php?rest_route=\/wp\/v2\/posts"}],"about":[{"href":"https:\/\/labestiapolitica.com.mx\/index.php?rest_route=\/wp\/v2\/types\/post"}],"author":[{"embeddable":true,"href":"https:\/\/labestiapolitica.com.mx\/index.php?rest_route=\/wp\/v2\/users\/5"}],"replies":[{"embeddable":true,"href":"https:\/\/labestiapolitica.com.mx\/index.php?rest_route=%2Fwp%2Fv2%2Fcomments&post=51530"}],"version-history":[{"count":1,"href":"https:\/\/labestiapolitica.com.mx\/index.php?rest_route=\/wp\/v2\/posts\/51530\/revisions"}],"predecessor-version":[{"id":51532,"href":"https:\/\/labestiapolitica.com.mx\/index.php?rest_route=\/wp\/v2\/posts\/51530\/revisions\/51532"}],"wp:featuredmedia":[{"embeddable":true,"href":"https:\/\/labestiapolitica.com.mx\/index.php?rest_route=\/wp\/v2\/media\/51531"}],"wp:attachment":[{"href":"https:\/\/labestiapolitica.com.mx\/index.php?rest_route=%2Fwp%2Fv2%2Fmedia&parent=51530"}],"wp:term":[{"taxonomy":"category","embeddable":true,"href":"https:\/\/labestiapolitica.com.mx\/index.php?rest_route=%2Fwp%2Fv2%2Fcategories&post=51530"},{"taxonomy":"post_tag","embeddable":true,"href":"https:\/\/labestiapolitica.com.mx\/index.php?rest_route=%2Fwp%2Fv2%2Ftags&post=51530"}],"curies":[{"name":"wp","href":"https:\/\/api.w.org\/{rel}","templated":true}]}}