{"id":51533,"date":"2025-10-15T10:46:56","date_gmt":"2025-10-15T16:46:56","guid":{"rendered":"https:\/\/labestiapolitica.com.mx\/?p=51533"},"modified":"2025-10-15T10:46:56","modified_gmt":"2025-10-15T16:46:56","slug":"la-uatx-promueve-el-dialogo-sobre-salud-mental-en-sus-jornadas-de-ciencia-y-cultura-de-paz","status":"publish","type":"post","link":"https:\/\/labestiapolitica.com.mx\/?p=51533","title":{"rendered":"La UATx promueve el di\u00e1logo sobre salud mental en sus jornadas de ciencia y cultura de paz."},"content":{"rendered":"<p style=\"font-weight: 400; text-align: justify;\">Un ambiente enriquecido adem\u00e1s de curar la depresi\u00f3n, tambi\u00e9n la previene, expres\u00f3 la Doctora M\u00f3nica Flores Ramos, investigadora del Instituto Nacional de Psiquiatr\u00eda Ram\u00f3n de la Fuente Mu\u00f1iz, al impartir la conferencia virtual \u00abLa relaci\u00f3n entre el ambiente enriquecido y la depresi\u00f3n mayor\u00bb, como parte de las Jornadas de ciencia y cultura de paz 2025 de la Secretar\u00eda de Investigaci\u00f3n, Cient\u00edfica y Posgrado de la Universidad Aut\u00f3noma de Tlaxcala (UATx).<\/p>\n<p style=\"font-weight: 400; text-align: justify;\">Al dar la bienvenida a la ponente y a los asistentes al foro, la Doctora Margarita Mart\u00ednez G\u00f3mez, Secretaria de Investigaci\u00f3n, Cient\u00edfica y Posgrado, coment\u00f3 que la UATx aborda los temas que m\u00e1s preocupan en la actualidad, como es la depresi\u00f3n. Acot\u00f3 que con este tipo de conferencias se promueve una cultura de cuidado y aportan herramientas para apoyar a alumnos y docentes sobre la comprensi\u00f3n de esta problem\u00e1tica.<\/p>\n<p style=\"font-weight: 400; text-align: justify;\">La Doctora Flores Ramos especific\u00f3 que la depresi\u00f3n es un trastorno mental frecuente, se calcula que afecta a 350 millones de personas en el mundo, afectando m\u00e1s a mujeres que hombres. En su proyecto de investigaci\u00f3n sobre el ambiente enriquecido y depresi\u00f3n, plantea que un entorno enriquecido que estimula la actividad f\u00edsica, cognitiva y social puede mejorar la respuesta al tratamiento farmacol\u00f3gico en personas con depresi\u00f3n; dicho estudio analiza c\u00f3mo factores ambientales pueden modular la neuroplasticidad y favorecer la recuperaci\u00f3n emocional.<\/p>\n<p style=\"font-weight: 400; text-align: justify;\">La experta destac\u00f3 que la cultura de paz a nivel comunitario funciona como un tipo de ambiente enriquecido, porque promueve interacciones seguras y cooperativas, di\u00e1logo, respeto y reconocimiento mutuo y oportunidades de aprendizaje, creatividad y participaci\u00f3n c\u00edvica.<\/p>\n<p style=\"font-weight: 400; text-align: justify;\">Adem\u00e1s, refiri\u00f3 que desde el punto de vista neurobiol\u00f3gico, esos factores act\u00faan igual que un ambiente enriquecido experimental porque al estimular la plasticidad cerebral, mejoran la resiliencia al estr\u00e9s y aumentan la motivaci\u00f3n y sentido de prop\u00f3sito que protegen contra la depresi\u00f3n. La conferencia fue moderada por la Doctora Estela Cuevas Romero, Coordinadora del Posgrado en Ciencias Biol\u00f3gicas.<\/p>\n<p>&nbsp;<\/p>\n<p><img loading=\"lazy\" decoding=\"async\" class=\"alignnone wp-image-28405 size-full\" src=\"https:\/\/labestiapolitica.com.mx\/wp-content\/uploads\/2024\/06\/U-NOVA-y-se-diferente.png\" alt=\"\" width=\"1000\" height=\"600\" srcset=\"https:\/\/labestiapolitica.com.mx\/wp-content\/uploads\/2024\/06\/U-NOVA-y-se-diferente.png 1000w, https:\/\/labestiapolitica.com.mx\/wp-content\/uploads\/2024\/06\/U-NOVA-y-se-diferente-300x180.png 300w, https:\/\/labestiapolitica.com.mx\/wp-content\/uploads\/2024\/06\/U-NOVA-y-se-diferente-768x461.png 768w\" sizes=\"auto, (max-width: 1000px) 100vw, 1000px\" \/><\/p>\n","protected":false},"excerpt":{"rendered":"<p>Un ambiente enriquecido adem\u00e1s de curar la depresi\u00f3n, tambi\u00e9n la previene, expres\u00f3 la Doctora M\u00f3nica Flores Ramos, investigadora del Instituto Nacional de Psiquiatr\u00eda Ram\u00f3n de la Fuente Mu\u00f1iz, al impartir la conferencia virtual \u00abLa relaci\u00f3n entre el ambiente enriquecido y la depresi\u00f3n mayor\u00bb, como parte de las Jornadas de ciencia y cultura de paz 2025 [&hellip;]<\/p>\n","protected":false},"author":5,"featured_media":51534,"comment_status":"open","ping_status":"open","sticky":false,"template":"","format":"standard","meta":{"footnotes":""},"categories":[7,213,241],"tags":[],"class_list":["post-51533","post","type-post","status-publish","format-standard","has-post-thumbnail","hentry","category-ciudadanos","category-educacion","category-uatx"],"amp_enabled":true,"_links":{"self":[{"href":"https:\/\/labestiapolitica.com.mx\/index.php?rest_route=\/wp\/v2\/posts\/51533","targetHints":{"allow":["GET"]}}],"collection":[{"href":"https:\/\/labestiapolitica.com.mx\/index.php?rest_route=\/wp\/v2\/posts"}],"about":[{"href":"https:\/\/labestiapolitica.com.mx\/index.php?rest_route=\/wp\/v2\/types\/post"}],"author":[{"embeddable":true,"href":"https:\/\/labestiapolitica.com.mx\/index.php?rest_route=\/wp\/v2\/users\/5"}],"replies":[{"embeddable":true,"href":"https:\/\/labestiapolitica.com.mx\/index.php?rest_route=%2Fwp%2Fv2%2Fcomments&post=51533"}],"version-history":[{"count":1,"href":"https:\/\/labestiapolitica.com.mx\/index.php?rest_route=\/wp\/v2\/posts\/51533\/revisions"}],"predecessor-version":[{"id":51535,"href":"https:\/\/labestiapolitica.com.mx\/index.php?rest_route=\/wp\/v2\/posts\/51533\/revisions\/51535"}],"wp:featuredmedia":[{"embeddable":true,"href":"https:\/\/labestiapolitica.com.mx\/index.php?rest_route=\/wp\/v2\/media\/51534"}],"wp:attachment":[{"href":"https:\/\/labestiapolitica.com.mx\/index.php?rest_route=%2Fwp%2Fv2%2Fmedia&parent=51533"}],"wp:term":[{"taxonomy":"category","embeddable":true,"href":"https:\/\/labestiapolitica.com.mx\/index.php?rest_route=%2Fwp%2Fv2%2Fcategories&post=51533"},{"taxonomy":"post_tag","embeddable":true,"href":"https:\/\/labestiapolitica.com.mx\/index.php?rest_route=%2Fwp%2Fv2%2Ftags&post=51533"}],"curies":[{"name":"wp","href":"https:\/\/api.w.org\/{rel}","templated":true}]}}