{"id":51537,"date":"2025-10-15T12:19:02","date_gmt":"2025-10-15T18:19:02","guid":{"rendered":"https:\/\/labestiapolitica.com.mx\/?p=51537"},"modified":"2025-10-15T12:19:02","modified_gmt":"2025-10-15T18:19:02","slug":"el-alcalde-alfonso-sanchez-garcia-encabeza-el-40-aniversario-de-la-escuela-primaria-xicohtencatl-axayacatzin-en-loma-bonita","status":"publish","type":"post","link":"https:\/\/labestiapolitica.com.mx\/?p=51537","title":{"rendered":"El alcalde Alfonso S\u00e1nchez Garc\u00eda encabeza el 40 aniversario de la Escuela Primaria \u201cXicoht\u00e9ncatl Axayacatzin\u201d en Loma Bonita"},"content":{"rendered":"<p style=\"text-align: justify;\" data-start=\"1243\" data-end=\"1545\">El <strong data-start=\"1246\" data-end=\"1306\">presidente municipal de Tlaxcala, Alfonso S\u00e1nchez Garc\u00eda<\/strong>, presidi\u00f3 la ceremonia conmemorativa por el <strong data-start=\"1351\" data-end=\"1419\">40 aniversario de la Escuela Primaria \u201cXicoht\u00e9ncatl Axayacatzin\u201d<\/strong>, en la comunidad de <strong data-start=\"1440\" data-end=\"1455\">Loma Bonita<\/strong>, donde reconoci\u00f3 cuatro d\u00e9cadas de trabajo institucional y compromiso con la educaci\u00f3n.<\/p>\n<p style=\"text-align: justify;\" data-start=\"1547\" data-end=\"1879\">En un ambiente festivo, rodeado de alumnos, docentes y padres de familia, el alcalde y la directora del plantel, <strong data-start=\"1660\" data-end=\"1686\">Leodegaria Cova Torres<\/strong>, realizaron la <strong data-start=\"1702\" data-end=\"1742\">develaci\u00f3n de la placa conmemorativa<\/strong>, la cual quedar\u00e1 como testimonio del esfuerzo colectivo y el legado educativo que esta escuela representa para la capital tlaxcalteca.<\/p>\n<p style=\"text-align: justify;\" data-start=\"1881\" data-end=\"2135\">Durante su mensaje, <strong data-start=\"1901\" data-end=\"1919\">S\u00e1nchez Garc\u00eda<\/strong> destac\u00f3 que \u201cla develaci\u00f3n de esta placa es un reconocimiento merecido al trabajo de quienes, con paciencia y vocaci\u00f3n, han mantenido viva la ense\u00f1anza y la formaci\u00f3n de ciudadanos comprometidos con su comunidad\u201d.<\/p>\n<p style=\"text-align: justify;\" data-start=\"2137\" data-end=\"2370\">El edil reiter\u00f3 que la educaci\u00f3n es un eje fundamental en su administraci\u00f3n, al se\u00f1alar que \u201ces en las escuelas donde se siembra el futuro y se inculcan los valores que hacen de Tlaxcala una ciudad fuerte, honesta y con identidad\u201d.<\/p>\n<p style=\"text-align: justify;\" data-start=\"2372\" data-end=\"2685\">Por su parte, la directora <strong data-start=\"2399\" data-end=\"2425\">Leodegaria Cova Torres<\/strong> agradeci\u00f3 el acompa\u00f1amiento y apoyo del presidente municipal, recordando que recientemente particip\u00f3 en una <strong data-start=\"2534\" data-end=\"2556\">jornada de tequios<\/strong> en la instituci\u00f3n antes del inicio del ciclo escolar. \u201cEstamos muy agradecidos por su compromiso con nuestra escuela\u201d, afirm\u00f3.<\/p>\n<p style=\"text-align: justify;\" data-start=\"2687\" data-end=\"2867\">Asimismo, la presidenta de la sociedad de padres de familia, <strong data-start=\"2748\" data-end=\"2775\">Berenice Flores S\u00e1nchez<\/strong>, expres\u00f3 su reconocimiento al alcalde por su respaldo constante a la comunidad educativa.<\/p>\n<p style=\"text-align: justify;\" data-start=\"2869\" data-end=\"3316\">El evento cont\u00f3 con la presencia de <strong data-start=\"2905\" data-end=\"2933\">Alma Rosa Sampedro Reyes<\/strong>, Directora de Educaci\u00f3n B\u00e1sica; <strong data-start=\"2966\" data-end=\"3003\">Marco Antonio Valencia Barrientos<\/strong>, Director de Servicios P\u00fablicos y Eco Tecnolog\u00edas del municipio de Tlaxcala; <strong data-start=\"3081\" data-end=\"3106\">Emmanuel V\u00e1zquez Nava<\/strong>, Director de Bienestar Humano Municipal; <strong data-start=\"3148\" data-end=\"3176\">Luis Javier Sapien Mu\u00f1oz<\/strong>, delegado de Tlapancalco; <strong data-start=\"3203\" data-end=\"3226\">Norma Figueroa Le\u00f3n<\/strong>, delegada de Loma Bonita; y <strong data-start=\"3255\" data-end=\"3279\">Jos\u00e9 Mel\u00e9ndez Ju\u00e1rez<\/strong>, supervisor de la zona escolar 40.<\/p>\n<p style=\"text-align: justify;\" data-start=\"3318\" data-end=\"3548\">Con este acto conmemorativo, el <strong data-start=\"3350\" data-end=\"3378\">Ayuntamiento de Tlaxcala<\/strong> refrenda su compromiso con la educaci\u00f3n, el fortalecimiento del tejido social y el reconocimiento al trabajo de las instituciones que forman a las nuevas generaciones.<\/p>\n<p style=\"text-align: justify;\" data-start=\"3550\" data-end=\"3630\">#HistoriaQueEscribimosJuntos<br data-start=\"3578\" data-end=\"3581\" \/>#AlfonsoS\u00e1nchezGarc\u00eda<br data-start=\"3602\" data-end=\"3605\" \/>#TlaxcalaDeXicoht\u00e9ncatl<\/p>\n<p style=\"text-align: justify;\" data-start=\"3632\" data-end=\"3708\" data-is-last-node=\"\" data-is-only-node=\"\">#LaBestiaPoliticaTlaxcalaCapital<br data-start=\"3664\" data-end=\"3667\" \/>@AytoTlaxcala<br data-start=\"3680\" data-end=\"3683\" \/>@alfonsosanchezgarcia.tlx<\/p>\n","protected":false},"excerpt":{"rendered":"<p>El presidente municipal de Tlaxcala, Alfonso S\u00e1nchez Garc\u00eda, presidi\u00f3 la ceremonia conmemorativa por el 40 aniversario de la Escuela Primaria \u201cXicoht\u00e9ncatl Axayacatzin\u201d, en la comunidad de Loma Bonita, donde reconoci\u00f3 cuatro d\u00e9cadas de trabajo institucional y compromiso con la educaci\u00f3n. En un ambiente festivo, rodeado de alumnos, docentes y padres de familia, el alcalde y [&hellip;]<\/p>\n","protected":false},"author":3,"featured_media":51538,"comment_status":"open","ping_status":"open","sticky":false,"template":"","format":"standard","meta":{"footnotes":""},"categories":[216,214],"tags":[],"class_list":["post-51537","post","type-post","status-publish","format-standard","has-post-thumbnail","hentry","category-municipios","category-tlaxcala-capital"],"amp_enabled":true,"_links":{"self":[{"href":"https:\/\/labestiapolitica.com.mx\/index.php?rest_route=\/wp\/v2\/posts\/51537","targetHints":{"allow":["GET"]}}],"collection":[{"href":"https:\/\/labestiapolitica.com.mx\/index.php?rest_route=\/wp\/v2\/posts"}],"about":[{"href":"https:\/\/labestiapolitica.com.mx\/index.php?rest_route=\/wp\/v2\/types\/post"}],"author":[{"embeddable":true,"href":"https:\/\/labestiapolitica.com.mx\/index.php?rest_route=\/wp\/v2\/users\/3"}],"replies":[{"embeddable":true,"href":"https:\/\/labestiapolitica.com.mx\/index.php?rest_route=%2Fwp%2Fv2%2Fcomments&post=51537"}],"version-history":[{"count":1,"href":"https:\/\/labestiapolitica.com.mx\/index.php?rest_route=\/wp\/v2\/posts\/51537\/revisions"}],"predecessor-version":[{"id":51539,"href":"https:\/\/labestiapolitica.com.mx\/index.php?rest_route=\/wp\/v2\/posts\/51537\/revisions\/51539"}],"wp:featuredmedia":[{"embeddable":true,"href":"https:\/\/labestiapolitica.com.mx\/index.php?rest_route=\/wp\/v2\/media\/51538"}],"wp:attachment":[{"href":"https:\/\/labestiapolitica.com.mx\/index.php?rest_route=%2Fwp%2Fv2%2Fmedia&parent=51537"}],"wp:term":[{"taxonomy":"category","embeddable":true,"href":"https:\/\/labestiapolitica.com.mx\/index.php?rest_route=%2Fwp%2Fv2%2Fcategories&post=51537"},{"taxonomy":"post_tag","embeddable":true,"href":"https:\/\/labestiapolitica.com.mx\/index.php?rest_route=%2Fwp%2Fv2%2Ftags&post=51537"}],"curies":[{"name":"wp","href":"https:\/\/api.w.org\/{rel}","templated":true}]}}