{"id":51550,"date":"2025-10-15T16:26:09","date_gmt":"2025-10-15T22:26:09","guid":{"rendered":"https:\/\/labestiapolitica.com.mx\/?p=51550"},"modified":"2025-10-15T16:26:09","modified_gmt":"2025-10-15T22:26:09","slug":"paramedicos-de-zacatelco-brindan-atencion-inmediata-tras-accidente-vial-%f0%9f%9a%a8","status":"publish","type":"post","link":"https:\/\/labestiapolitica.com.mx\/?p=51550","title":{"rendered":"Param\u00e9dicos de Zacatelco brindan atenci\u00f3n inmediata tras accidente vial \ud83d\udea8"},"content":{"rendered":"<p style=\"text-align: justify;\" data-start=\"881\" data-end=\"1176\">El <strong data-start=\"884\" data-end=\"919\">Gobierno Municipal de Zacatelco<\/strong>, encabezado por el presidente <strong data-start=\"950\" data-end=\"977\">Jos\u00e9 Miguel Acatzi Luna<\/strong>, inform\u00f3 que los <strong data-start=\"995\" data-end=\"1022\">param\u00e9dicos municipales<\/strong> atendieron de manera inmediata un accidente registrado sobre la <strong data-start=\"1087\" data-end=\"1130\">calle Zaragoza, esquina con Camino Real<\/strong>, que dej\u00f3 como saldo una persona lesionada.<\/p>\n<p style=\"text-align: justify;\" data-start=\"1178\" data-end=\"1347\">Gracias a la <strong data-start=\"1191\" data-end=\"1240\">pronta intervenci\u00f3n del equipo de emergencias<\/strong>, la persona afectada recibi\u00f3 los primeros auxilios en el lugar y fue canalizada para su atenci\u00f3n m\u00e9dica.<\/p>\n<p style=\"text-align: justify;\" data-start=\"1349\" data-end=\"1615\">El Ayuntamiento reiter\u00f3 su compromiso con la <strong data-start=\"1394\" data-end=\"1438\">seguridad y el bienestar de la poblaci\u00f3n<\/strong>, destacando la <strong data-start=\"1454\" data-end=\"1472\">labor oportuna<\/strong> de las \u00e1reas de Protecci\u00f3n Civil y param\u00e9dicos, quienes act\u00faan de manera coordinada para salvaguardar la integridad de las y los ciudadanos.<\/p>\n","protected":false},"excerpt":{"rendered":"<p>El Gobierno Municipal de Zacatelco, encabezado por el presidente Jos\u00e9 Miguel Acatzi Luna, inform\u00f3 que los param\u00e9dicos municipales atendieron de manera inmediata un accidente registrado sobre la calle Zaragoza, esquina con Camino Real, que dej\u00f3 como saldo una persona lesionada. Gracias a la pronta intervenci\u00f3n del equipo de emergencias, la persona afectada recibi\u00f3 los primeros [&hellip;]<\/p>\n","protected":false},"author":3,"featured_media":51551,"comment_status":"open","ping_status":"open","sticky":false,"template":"","format":"standard","meta":{"footnotes":""},"categories":[216,217],"tags":[],"class_list":["post-51550","post","type-post","status-publish","format-standard","has-post-thumbnail","hentry","category-municipios","category-zacatelco"],"amp_enabled":true,"_links":{"self":[{"href":"https:\/\/labestiapolitica.com.mx\/index.php?rest_route=\/wp\/v2\/posts\/51550","targetHints":{"allow":["GET"]}}],"collection":[{"href":"https:\/\/labestiapolitica.com.mx\/index.php?rest_route=\/wp\/v2\/posts"}],"about":[{"href":"https:\/\/labestiapolitica.com.mx\/index.php?rest_route=\/wp\/v2\/types\/post"}],"author":[{"embeddable":true,"href":"https:\/\/labestiapolitica.com.mx\/index.php?rest_route=\/wp\/v2\/users\/3"}],"replies":[{"embeddable":true,"href":"https:\/\/labestiapolitica.com.mx\/index.php?rest_route=%2Fwp%2Fv2%2Fcomments&post=51550"}],"version-history":[{"count":2,"href":"https:\/\/labestiapolitica.com.mx\/index.php?rest_route=\/wp\/v2\/posts\/51550\/revisions"}],"predecessor-version":[{"id":51553,"href":"https:\/\/labestiapolitica.com.mx\/index.php?rest_route=\/wp\/v2\/posts\/51550\/revisions\/51553"}],"wp:featuredmedia":[{"embeddable":true,"href":"https:\/\/labestiapolitica.com.mx\/index.php?rest_route=\/wp\/v2\/media\/51551"}],"wp:attachment":[{"href":"https:\/\/labestiapolitica.com.mx\/index.php?rest_route=%2Fwp%2Fv2%2Fmedia&parent=51550"}],"wp:term":[{"taxonomy":"category","embeddable":true,"href":"https:\/\/labestiapolitica.com.mx\/index.php?rest_route=%2Fwp%2Fv2%2Fcategories&post=51550"},{"taxonomy":"post_tag","embeddable":true,"href":"https:\/\/labestiapolitica.com.mx\/index.php?rest_route=%2Fwp%2Fv2%2Ftags&post=51550"}],"curies":[{"name":"wp","href":"https:\/\/api.w.org\/{rel}","templated":true}]}}