{"id":51554,"date":"2025-10-15T16:43:32","date_gmt":"2025-10-15T22:43:32","guid":{"rendered":"https:\/\/labestiapolitica.com.mx\/?p=51554"},"modified":"2025-10-15T16:43:32","modified_gmt":"2025-10-15T22:43:32","slug":"%f0%9f%8e%a0%f0%9f%92%99-llega-a-zacatelco-el-carrusel-de-informacion-y-servicios-del-dif-estatal-%f0%9f%99%8c","status":"publish","type":"post","link":"https:\/\/labestiapolitica.com.mx\/?p=51554","title":{"rendered":"\ud83c\udfa0\ud83d\udc99 Llega a Zacatelco el Carrusel de Informaci\u00f3n y Servicios del DIF Estatal \ud83d\ude4c"},"content":{"rendered":"<p style=\"text-align: justify;\" data-start=\"1052\" data-end=\"1385\">El <strong data-start=\"1055\" data-end=\"1090\">Gobierno Municipal de Zacatelco<\/strong>, encabezado por el presidente <strong data-start=\"1121\" data-end=\"1148\">Jos\u00e9 Miguel Acatzi Luna<\/strong>, en coordinaci\u00f3n con el <strong data-start=\"1173\" data-end=\"1198\">Sistema Municipal DIF<\/strong> y el <strong data-start=\"1204\" data-end=\"1219\">DIF Estatal<\/strong>, instal\u00f3 en el <strong data-start=\"1235\" data-end=\"1255\">Parque Municipal<\/strong> el <em data-start=\"1259\" data-end=\"1296\">Carrusel de Informaci\u00f3n y Servicios<\/em>, con el prop\u00f3sito de acercar a la ciudadan\u00eda diversos <strong data-start=\"1351\" data-end=\"1382\">apoyos y programas sociales<\/strong>.<\/p>\n<p style=\"text-align: justify;\" data-start=\"1387\" data-end=\"1650\">Durante esta jornada, las y los habitantes pudieron acceder a <strong data-start=\"1449\" data-end=\"1565\">orientaci\u00f3n m\u00e9dica, asesor\u00edas jur\u00eddicas, programas alimentarios, atenci\u00f3n psicol\u00f3gica, servicios de salud visual<\/strong>, as\u00ed como informaci\u00f3n sobre <strong data-start=\"1594\" data-end=\"1647\">apoyos funcionales y programas sociales estatales<\/strong>.<\/p>\n<p style=\"text-align: justify;\" data-start=\"1652\" data-end=\"1855\">La <strong data-start=\"1655\" data-end=\"1722\">Presidenta Honor\u00edfica del DIF Municipal, Natali Chamorro Garz\u00f3n<\/strong>, destac\u00f3 la importancia de trabajar en unidad con el Gobierno del Estado para acercar los servicios a las familias zacatelquenses.<\/p>\n<p style=\"text-align: justify;\" data-start=\"1857\" data-end=\"2031\">\u201cQueremos que nadie se quede sin acceso a los programas de bienestar; este carrusel representa una oportunidad para mejorar la calidad de vida de muchas personas\u201d, subray\u00f3.<\/p>\n<p style=\"text-align: justify;\" data-start=\"2033\" data-end=\"2153\">El Ayuntamiento reafirma su compromiso de seguir fortaleciendo las pol\u00edticas p\u00fablicas de bienestar e inclusi\u00f3n social.<\/p>\n","protected":false},"excerpt":{"rendered":"<p>El Gobierno Municipal de Zacatelco, encabezado por el presidente Jos\u00e9 Miguel Acatzi Luna, en coordinaci\u00f3n con el Sistema Municipal DIF y el DIF Estatal, instal\u00f3 en el Parque Municipal el Carrusel de Informaci\u00f3n y Servicios, con el prop\u00f3sito de acercar a la ciudadan\u00eda diversos apoyos y programas sociales. Durante esta jornada, las y los habitantes [&hellip;]<\/p>\n","protected":false},"author":3,"featured_media":51555,"comment_status":"open","ping_status":"open","sticky":false,"template":"","format":"standard","meta":{"footnotes":""},"categories":[216,217],"tags":[],"class_list":["post-51554","post","type-post","status-publish","format-standard","has-post-thumbnail","hentry","category-municipios","category-zacatelco"],"amp_enabled":true,"_links":{"self":[{"href":"https:\/\/labestiapolitica.com.mx\/index.php?rest_route=\/wp\/v2\/posts\/51554","targetHints":{"allow":["GET"]}}],"collection":[{"href":"https:\/\/labestiapolitica.com.mx\/index.php?rest_route=\/wp\/v2\/posts"}],"about":[{"href":"https:\/\/labestiapolitica.com.mx\/index.php?rest_route=\/wp\/v2\/types\/post"}],"author":[{"embeddable":true,"href":"https:\/\/labestiapolitica.com.mx\/index.php?rest_route=\/wp\/v2\/users\/3"}],"replies":[{"embeddable":true,"href":"https:\/\/labestiapolitica.com.mx\/index.php?rest_route=%2Fwp%2Fv2%2Fcomments&post=51554"}],"version-history":[{"count":2,"href":"https:\/\/labestiapolitica.com.mx\/index.php?rest_route=\/wp\/v2\/posts\/51554\/revisions"}],"predecessor-version":[{"id":51557,"href":"https:\/\/labestiapolitica.com.mx\/index.php?rest_route=\/wp\/v2\/posts\/51554\/revisions\/51557"}],"wp:featuredmedia":[{"embeddable":true,"href":"https:\/\/labestiapolitica.com.mx\/index.php?rest_route=\/wp\/v2\/media\/51555"}],"wp:attachment":[{"href":"https:\/\/labestiapolitica.com.mx\/index.php?rest_route=%2Fwp%2Fv2%2Fmedia&parent=51554"}],"wp:term":[{"taxonomy":"category","embeddable":true,"href":"https:\/\/labestiapolitica.com.mx\/index.php?rest_route=%2Fwp%2Fv2%2Fcategories&post=51554"},{"taxonomy":"post_tag","embeddable":true,"href":"https:\/\/labestiapolitica.com.mx\/index.php?rest_route=%2Fwp%2Fv2%2Ftags&post=51554"}],"curies":[{"name":"wp","href":"https:\/\/api.w.org\/{rel}","templated":true}]}}