{"id":51558,"date":"2025-10-15T17:50:59","date_gmt":"2025-10-15T23:50:59","guid":{"rendered":"https:\/\/labestiapolitica.com.mx\/?p=51558"},"modified":"2025-10-15T17:50:59","modified_gmt":"2025-10-15T23:50:59","slug":"tlaxcala-cierra-con-orgullo-los-festejos-por-los-500-anos-de-su-fundacion","status":"publish","type":"post","link":"https:\/\/labestiapolitica.com.mx\/?p=51558","title":{"rendered":"Tlaxcala cierra con orgullo los festejos por los 500 a\u00f1os de su fundaci\u00f3n"},"content":{"rendered":"<p style=\"text-align: justify;\" data-start=\"329\" data-end=\"624\">En la ceremonia de clausura de los festejos por los <strong data-start=\"381\" data-end=\"434\">500 a\u00f1os de la fundaci\u00f3n de la ciudad de Tlaxcala<\/strong>, el presidente municipal <strong data-start=\"460\" data-end=\"486\">Alfonso S\u00e1nchez Garc\u00eda<\/strong> afirm\u00f3 que la capital es el fruto del di\u00e1logo, del valor y de la voluntad de un pueblo que supo escribir su destino con sabidur\u00eda y fe.<\/p>\n<p style=\"text-align: justify;\" data-start=\"626\" data-end=\"935\">Durante el evento, realizado en la <strong data-start=\"661\" data-end=\"689\">Plaza de la Constituci\u00f3n<\/strong> y presidido por la <strong data-start=\"709\" data-end=\"748\">gobernadora Lorena Cu\u00e9llar Cisneros<\/strong>, el alcalde subray\u00f3 que <em data-start=\"773\" data-end=\"833\">\u201cTlaxcala no fue vencida, fue protagonista de la historia\u201d<\/em>, al tiempo que destac\u00f3 el orgullo de encabezar el gobierno en este a\u00f1o emblem\u00e1tico para la capital.<\/p>\n<p style=\"text-align: justify;\" data-start=\"937\" data-end=\"1329\">S\u00e1nchez Garc\u00eda agradeci\u00f3 a los organizadores, participantes y p\u00fablico que se sum\u00f3 con entusiasmo a las actividades conmemorativas, y expres\u00f3 que la mejor forma de honrar el legado de cinco siglos es <strong data-start=\"1136\" data-end=\"1204\">trabajar por la justicia, la educaci\u00f3n, la igualdad y la cultura<\/strong>, para que las pr\u00f3ximas generaciones sigan escribiendo la historia de una Tlaxcala <strong data-start=\"1287\" data-end=\"1326\">unida, orgullosa y abierta al mundo<\/strong>.<\/p>\n<p style=\"text-align: justify;\" data-start=\"1331\" data-end=\"1555\">Por su parte, la gobernadora <strong data-start=\"1360\" data-end=\"1387\">Lorena Cu\u00e9llar Cisneros<\/strong> se\u00f1al\u00f3 que estos 500 a\u00f1os no representan un punto final, sino un punto de partida, y convoc\u00f3 a las y los tlaxcaltecas a renovar el pacto de orgullo y reconciliaci\u00f3n.<\/p>\n<blockquote data-start=\"1556\" data-end=\"1767\">\n<p data-start=\"1558\" data-end=\"1767\">\u201cNuestros antepasados supieron cuidar lo que m\u00e1s val\u00eda: su gente, su cultura y su dignidad. El alma ind\u00edgena es una llama que nunca se apag\u00f3. Hoy Tlaxcala se levanta como s\u00edmbolo de reconciliaci\u00f3n\u201d, expres\u00f3.<\/p>\n<\/blockquote>\n<p style=\"text-align: justify;\" data-start=\"1769\" data-end=\"2064\">Asimismo, la <strong data-start=\"1782\" data-end=\"1830\">secretaria de Cultura, Karen \u00c1lvarez Villeda<\/strong>, resalt\u00f3 la amplia participaci\u00f3n ciudadana en m\u00e1s de <strong data-start=\"1884\" data-end=\"1924\">120 actividades culturales gratuitas<\/strong> realizadas durante 12 d\u00edas de celebraci\u00f3n, con la colaboraci\u00f3n de <strong data-start=\"1991\" data-end=\"2008\">20 municipios<\/strong> y la asistencia de alrededor de <strong data-start=\"2041\" data-end=\"2061\">143 mil personas<\/strong>.<\/p>\n<p style=\"text-align: justify;\" data-start=\"2066\" data-end=\"2336\">\u201cTlaxcala se reinventa como una ciudad hospitalaria, valiente y abierta al di\u00e1logo, donde innovaci\u00f3n y tradici\u00f3n pueden ir de la mano. Qu\u00e9 orgullo saber que 500 a\u00f1os despu\u00e9s seguimos honrando a nuestra gente que, d\u00eda con d\u00eda, construye una nueva historia\u201d, puntualiz\u00f3.<\/p>\n<p style=\"text-align: justify;\" data-start=\"2338\" data-end=\"2547\">La ceremonia reuni\u00f3 a autoridades municipales, estatales, artistas, cronistas y ciudadan\u00eda en general, en un ambiente de unidad, historia y reconocimiento al legado que dio origen a la identidad tlaxcalteca.<\/p>\n","protected":false},"excerpt":{"rendered":"<p>En la ceremonia de clausura de los festejos por los 500 a\u00f1os de la fundaci\u00f3n de la ciudad de Tlaxcala, el presidente municipal Alfonso S\u00e1nchez Garc\u00eda afirm\u00f3 que la capital es el fruto del di\u00e1logo, del valor y de la voluntad de un pueblo que supo escribir su destino con sabidur\u00eda y fe. Durante el [&hellip;]<\/p>\n","protected":false},"author":3,"featured_media":51559,"comment_status":"open","ping_status":"open","sticky":false,"template":"","format":"standard","meta":{"footnotes":""},"categories":[216,214],"tags":[],"class_list":["post-51558","post","type-post","status-publish","format-standard","has-post-thumbnail","hentry","category-municipios","category-tlaxcala-capital"],"amp_enabled":true,"_links":{"self":[{"href":"https:\/\/labestiapolitica.com.mx\/index.php?rest_route=\/wp\/v2\/posts\/51558","targetHints":{"allow":["GET"]}}],"collection":[{"href":"https:\/\/labestiapolitica.com.mx\/index.php?rest_route=\/wp\/v2\/posts"}],"about":[{"href":"https:\/\/labestiapolitica.com.mx\/index.php?rest_route=\/wp\/v2\/types\/post"}],"author":[{"embeddable":true,"href":"https:\/\/labestiapolitica.com.mx\/index.php?rest_route=\/wp\/v2\/users\/3"}],"replies":[{"embeddable":true,"href":"https:\/\/labestiapolitica.com.mx\/index.php?rest_route=%2Fwp%2Fv2%2Fcomments&post=51558"}],"version-history":[{"count":1,"href":"https:\/\/labestiapolitica.com.mx\/index.php?rest_route=\/wp\/v2\/posts\/51558\/revisions"}],"predecessor-version":[{"id":51560,"href":"https:\/\/labestiapolitica.com.mx\/index.php?rest_route=\/wp\/v2\/posts\/51558\/revisions\/51560"}],"wp:featuredmedia":[{"embeddable":true,"href":"https:\/\/labestiapolitica.com.mx\/index.php?rest_route=\/wp\/v2\/media\/51559"}],"wp:attachment":[{"href":"https:\/\/labestiapolitica.com.mx\/index.php?rest_route=%2Fwp%2Fv2%2Fmedia&parent=51558"}],"wp:term":[{"taxonomy":"category","embeddable":true,"href":"https:\/\/labestiapolitica.com.mx\/index.php?rest_route=%2Fwp%2Fv2%2Fcategories&post=51558"},{"taxonomy":"post_tag","embeddable":true,"href":"https:\/\/labestiapolitica.com.mx\/index.php?rest_route=%2Fwp%2Fv2%2Ftags&post=51558"}],"curies":[{"name":"wp","href":"https:\/\/api.w.org\/{rel}","templated":true}]}}