{"id":51563,"date":"2025-10-15T18:11:17","date_gmt":"2025-10-16T00:11:17","guid":{"rendered":"https:\/\/labestiapolitica.com.mx\/?p=51563"},"modified":"2025-10-15T18:11:17","modified_gmt":"2025-10-16T00:11:17","slug":"cumplio-con-su-cometido-el-festival-de-cine-el-poder-de-la-educacion-de-la-fce-uatx","status":"publish","type":"post","link":"https:\/\/labestiapolitica.com.mx\/?p=51563","title":{"rendered":"Cumpli\u00f3 con su cometido el Festival de Cine: El Poder de la Educaci\u00f3n de la FCE-UATx."},"content":{"rendered":"<p style=\"font-weight: 400; text-align: justify;\">Al reafirmar el papel de la educaci\u00f3n como motor de cambio y conciencia cr\u00edtica, concluy\u00f3 con la 4\u00aa edici\u00f3n del\u00a0\ud835\udc05\ud835\udc1e\ud835\udc2c\ud835\udc2d\ud835\udc22\ud835\udc2f\ud835\udc1a\ud835\udc25\u00a0\ud835\udc1d\ud835\udc1e\u00a0\ud835\udc02\ud835\udc22\ud835\udc27\ud835\udc1e:\u00a0\ud835\udc04\ud835\udc25\u00a0\ud835\udc0f\ud835\udc28\ud835\udc1d\ud835\udc1e\ud835\udc2b\u00a0\ud835\udc1d\ud835\udc1e\u00a0\ud835\udc25\ud835\udc1a\u00a0\ud835\udc04\ud835\udc1d\ud835\udc2e\ud835\udc1c\ud835\udc1a\ud835\udc1c\ud835\udc22\ud835\udc28\u0301\ud835\udc27\u00a0que organiz\u00f3 la Facultad de Ciencias de la Educaci\u00f3n de la Universidad Aut\u00f3noma de Tlaxcala (FCE-UATx), con la participaci\u00f3n de 16 ponentes y la asistencia de 537 estudiantes, y un concierto con la Orquesta Contempor\u00e1nea de la UATx en el Teatro Universitario.<\/p>\n<p style=\"font-weight: 400; text-align: justify;\">Del 6 al 10 de octubre, la comunidad universitaria se reuni\u00f3 en un encuentro donde el arte cinematogr\u00e1fico se convirti\u00f3 en una herramienta para reflexionar, aprender y transformar. Con el lema \u201cUn pase al conocimiento, un boleto al poder de la educaci\u00f3n\u201d, se gener\u00f3 un di\u00e1logo entre cultura y pedagog\u00eda para reafirmar el trascendental quehacer de la educaci\u00f3n en la transformaci\u00f3n social.<\/p>\n<p style=\"font-weight: 400; text-align: justify;\">Bajo la coordinaci\u00f3n de la Licenciatura en Comunicaci\u00f3n e Innovaci\u00f3n Educativa de la FCE, ponentes tlaxcaltecas y nacionales aportaron sus conocimientos y experiencia para adentrarse en el cine como herramienta pedag\u00f3gica en la escuela, en el hogar y, en general, en la sociedad.<\/p>\n<p style=\"font-weight: 400; text-align: justify;\">El Festival incluy\u00f3 ponencias, conversatorios, talleres, incluso registr\u00f3 dos llenos totales en la sala de cine Cinedot. Se cont\u00f3 con el valioso apoyo de 17 docentes, 10 alumnos y personal administrativo, quienes junto con estudiantes, docentes y ponentes invitados contribuyeron al \u00e9xito de la cuarta edici\u00f3n de este festival.<\/p>\n<p>&nbsp;<\/p>\n<p><img loading=\"lazy\" decoding=\"async\" class=\"alignnone wp-image-28405 size-full\" src=\"https:\/\/labestiapolitica.com.mx\/wp-content\/uploads\/2024\/06\/U-NOVA-y-se-diferente.png\" alt=\"\" width=\"1000\" height=\"600\" srcset=\"https:\/\/labestiapolitica.com.mx\/wp-content\/uploads\/2024\/06\/U-NOVA-y-se-diferente.png 1000w, https:\/\/labestiapolitica.com.mx\/wp-content\/uploads\/2024\/06\/U-NOVA-y-se-diferente-300x180.png 300w, https:\/\/labestiapolitica.com.mx\/wp-content\/uploads\/2024\/06\/U-NOVA-y-se-diferente-768x461.png 768w\" sizes=\"auto, (max-width: 1000px) 100vw, 1000px\" \/><\/p>\n","protected":false},"excerpt":{"rendered":"<p>Al reafirmar el papel de la educaci\u00f3n como motor de cambio y conciencia cr\u00edtica, concluy\u00f3 con la 4\u00aa edici\u00f3n del\u00a0\ud835\udc05\ud835\udc1e\ud835\udc2c\ud835\udc2d\ud835\udc22\ud835\udc2f\ud835\udc1a\ud835\udc25\u00a0\ud835\udc1d\ud835\udc1e\u00a0\ud835\udc02\ud835\udc22\ud835\udc27\ud835\udc1e:\u00a0\ud835\udc04\ud835\udc25\u00a0\ud835\udc0f\ud835\udc28\ud835\udc1d\ud835\udc1e\ud835\udc2b\u00a0\ud835\udc1d\ud835\udc1e\u00a0\ud835\udc25\ud835\udc1a\u00a0\ud835\udc04\ud835\udc1d\ud835\udc2e\ud835\udc1c\ud835\udc1a\ud835\udc1c\ud835\udc22\ud835\udc28\u0301\ud835\udc27\u00a0que organiz\u00f3 la Facultad de Ciencias de la Educaci\u00f3n de la Universidad Aut\u00f3noma de Tlaxcala (FCE-UATx), con la participaci\u00f3n de 16 ponentes y la asistencia de 537 estudiantes, y un concierto con la Orquesta Contempor\u00e1nea de [&hellip;]<\/p>\n","protected":false},"author":5,"featured_media":51567,"comment_status":"open","ping_status":"open","sticky":false,"template":"","format":"standard","meta":{"footnotes":""},"categories":[7,213,241],"tags":[],"class_list":["post-51563","post","type-post","status-publish","format-standard","has-post-thumbnail","hentry","category-ciudadanos","category-educacion","category-uatx"],"amp_enabled":true,"_links":{"self":[{"href":"https:\/\/labestiapolitica.com.mx\/index.php?rest_route=\/wp\/v2\/posts\/51563","targetHints":{"allow":["GET"]}}],"collection":[{"href":"https:\/\/labestiapolitica.com.mx\/index.php?rest_route=\/wp\/v2\/posts"}],"about":[{"href":"https:\/\/labestiapolitica.com.mx\/index.php?rest_route=\/wp\/v2\/types\/post"}],"author":[{"embeddable":true,"href":"https:\/\/labestiapolitica.com.mx\/index.php?rest_route=\/wp\/v2\/users\/5"}],"replies":[{"embeddable":true,"href":"https:\/\/labestiapolitica.com.mx\/index.php?rest_route=%2Fwp%2Fv2%2Fcomments&post=51563"}],"version-history":[{"count":1,"href":"https:\/\/labestiapolitica.com.mx\/index.php?rest_route=\/wp\/v2\/posts\/51563\/revisions"}],"predecessor-version":[{"id":51568,"href":"https:\/\/labestiapolitica.com.mx\/index.php?rest_route=\/wp\/v2\/posts\/51563\/revisions\/51568"}],"wp:featuredmedia":[{"embeddable":true,"href":"https:\/\/labestiapolitica.com.mx\/index.php?rest_route=\/wp\/v2\/media\/51567"}],"wp:attachment":[{"href":"https:\/\/labestiapolitica.com.mx\/index.php?rest_route=%2Fwp%2Fv2%2Fmedia&parent=51563"}],"wp:term":[{"taxonomy":"category","embeddable":true,"href":"https:\/\/labestiapolitica.com.mx\/index.php?rest_route=%2Fwp%2Fv2%2Fcategories&post=51563"},{"taxonomy":"post_tag","embeddable":true,"href":"https:\/\/labestiapolitica.com.mx\/index.php?rest_route=%2Fwp%2Fv2%2Ftags&post=51563"}],"curies":[{"name":"wp","href":"https:\/\/api.w.org\/{rel}","templated":true}]}}