{"id":51569,"date":"2025-10-15T18:19:24","date_gmt":"2025-10-16T00:19:24","guid":{"rendered":"https:\/\/labestiapolitica.com.mx\/?p=51569"},"modified":"2025-10-15T18:19:24","modified_gmt":"2025-10-16T00:19:24","slug":"innovacion-creatividad-y-tecnologia-convergen-en-el-%f0%9d%9f%93o-%f0%9d%90%82%f0%9d%90%a8%f0%9d%90%a7%f0%9d%90%a0%f0%9d%90%ab%f0%9d%90%9e%f0%9d%90%ac%f0%9d%90%a8-%f0%9d%90%88%f0%9d%90%a7%f0%9d%90%ad","status":"publish","type":"post","link":"https:\/\/labestiapolitica.com.mx\/?p=51569","title":{"rendered":"Innovaci\u00f3n, creatividad y tecnolog\u00eda convergen en el \ud835\udfd3\u00ba \ud835\udc02\ud835\udc28\ud835\udc27\ud835\udc20\ud835\udc2b\ud835\udc1e\ud835\udc2c\ud835\udc28 \ud835\udc08\ud835\udc27\ud835\udc2d\ud835\udc1e\ud835\udc2b\ud835\udc27\ud835\udc1a\ud835\udc1c\ud835\udc22\ud835\udc28\ud835\udc27\ud835\udc1a\ud835\udc25 \u201c\ud835\udc13\ud835\udc1e\ud835\udc31\ud835\udc2d\ud835\udc22\ud835\udc25 \ud835\udc0b\ud835\udc1a\ud835\udc1b \ud835\udfd0\ud835\udfce\ud835\udfd0\ud835\udfd3\u201d UATx."},"content":{"rendered":"<ul>\n<li style=\"text-align: justify;\">Los estudiantes conectan saberes locales con din\u00e1micas internacionales<\/li>\n<\/ul>\n<p style=\"text-align: justify;\">\n<p style=\"text-align: justify;\">Actualizar a las y los estudiantes en tendencias que los inspiren a desarrollar sus propios dise\u00f1os, con referencia al patronaje digital, la realidad aumentada y el modelado 3D, es el prop\u00f3sito del \ud835\udfd3\u00ba \ud835\udc02\ud835\udc28\ud835\udc27\ud835\udc20\ud835\udc2b\ud835\udc1e\ud835\udc2c\ud835\udc28 \ud835\udc08\ud835\udc27\ud835\udc2d\ud835\udc1e\ud835\udc2b\ud835\udc27\ud835\udc1a\ud835\udc1c\ud835\udc22\ud835\udc28\ud835\udc27\ud835\udc1a\ud835\udc25 \u201c\ud835\udc13\ud835\udc1e\ud835\udc31\ud835\udc2d\ud835\udc22\ud835\udc25 \ud835\udc0b\ud835\udc1a\ud835\udc1b \ud835\udfd0\ud835\udfce\ud835\udfd0\ud835\udfd3\u201d, de la Licenciatura en Dise\u00f1o Textil de la Facultad de Dise\u00f1o, Arte y Arquitectura de la Universidad Aut\u00f3noma de Tlaxcala (FDAyA-UATx).<\/p>\n<p style=\"text-align: justify;\">\n<p style=\"text-align: justify;\">Con sede en la Residencia Universitaria, el Maestro Irving Eduardo Ortiz Gallardo, Coordinador de la Divisi\u00f3n de Ciencias Sociales y Humanidades, se\u00f1al\u00f3 que en el marco del compromiso con la excelencia acad\u00e9mica, la Universidad impulsa el fomento del pensamiento cr\u00edtico, la valoraci\u00f3n de la diversidad cultural y la evoluci\u00f3n t\u00e9cnica del dise\u00f1o textil como pilares fundamentales de su quehacer educativo.<\/p>\n<p style=\"text-align: justify;\">\n<p style=\"text-align: justify;\">Destac\u00f3 que el dise\u00f1o es una forma de expresi\u00f3n est\u00e9tica, un lenguaje poderoso, una herramienta estrat\u00e9gica y una respuesta creativa ante los desaf\u00edos contempor\u00e1neos, por ello, en la Aut\u00f3noma de Tlaxcala orientamos nuestros esfuerzos hacia la formaci\u00f3n de profesionales \u00edntegros, capaces de innovar, crear y producir con responsabilidad, sensibilidad social y visi\u00f3n sostenible, contribuyendo activamente al desarrollo de una industria m\u00e1s consciente, inclusiva y comprometida con el entorno.<\/p>\n<p style=\"text-align: justify;\">\n<p style=\"text-align: justify;\">Por su parte la Licenciada Elvia Hern\u00e1ndez Escalona, Directora Interina de la FDAyA, refiri\u00f3 que la Aut\u00f3noma de Tlaxcala promueve la proyecci\u00f3n global del dise\u00f1o textil mediante la difusi\u00f3n de proyectos y experiencias que ampl\u00edan sus posibilidades expresivas y funcionales, conectando saberes locales con din\u00e1micas internacionales, y fortaleciendo el di\u00e1logo entre comunidades creativas de todo el mundo.<\/p>\n<p style=\"text-align: justify;\">\n<p style=\"text-align: justify;\">La Maestra Carolina Flores Ram\u00edrez, Coordinadora del programa de Dise\u00f1o Textil, coment\u00f3 que T\ud835\udc1e\ud835\udc31\ud835\udc2d\ud835\udc22\ud835\udc25 \ud835\udc0b\ud835\udc1a\ud835\udc1b \ud835\udfd0\ud835\udfce\ud835\udfd0\ud835\udfd3 abordar\u00e1 temas como marca personal, eficiencia en procesos productivos textiles, neurociencia y liderazgo, entre hilos y m\u00e9todos, talavera contempor\u00e1nea, nuevos c\u00f3digos de moda, del trazo al paso, identidad creativa y fotograf\u00eda de moda, entre otros.<\/p>\n<p style=\"text-align: justify;\">\n<p style=\"text-align: justify;\">Asimismo, se present\u00f3 el Concurso de Gazn\u00e9 para la Camada Cuba Grande del municipio de Contla de Juan Cuamatzi, en el que los estudiantes de Dise\u00f1o Textil participaron con propuestas creativas que fusionan tradici\u00f3n e innovaci\u00f3n.<\/p>\n<p>&nbsp;<\/p>\n<p><img loading=\"lazy\" decoding=\"async\" class=\"alignnone wp-image-28405 size-full\" src=\"https:\/\/labestiapolitica.com.mx\/wp-content\/uploads\/2024\/06\/U-NOVA-y-se-diferente.png\" alt=\"\" width=\"1000\" height=\"600\" srcset=\"https:\/\/labestiapolitica.com.mx\/wp-content\/uploads\/2024\/06\/U-NOVA-y-se-diferente.png 1000w, https:\/\/labestiapolitica.com.mx\/wp-content\/uploads\/2024\/06\/U-NOVA-y-se-diferente-300x180.png 300w, https:\/\/labestiapolitica.com.mx\/wp-content\/uploads\/2024\/06\/U-NOVA-y-se-diferente-768x461.png 768w\" sizes=\"auto, (max-width: 1000px) 100vw, 1000px\" \/><\/p>\n","protected":false},"excerpt":{"rendered":"<p>Los estudiantes conectan saberes locales con din\u00e1micas internacionales Actualizar a las y los estudiantes en tendencias que los inspiren a desarrollar sus propios dise\u00f1os, con referencia al patronaje digital, la realidad aumentada y el modelado 3D, es el prop\u00f3sito del \ud835\udfd3\u00ba \ud835\udc02\ud835\udc28\ud835\udc27\ud835\udc20\ud835\udc2b\ud835\udc1e\ud835\udc2c\ud835\udc28 \ud835\udc08\ud835\udc27\ud835\udc2d\ud835\udc1e\ud835\udc2b\ud835\udc27\ud835\udc1a\ud835\udc1c\ud835\udc22\ud835\udc28\ud835\udc27\ud835\udc1a\ud835\udc25 \u201c\ud835\udc13\ud835\udc1e\ud835\udc31\ud835\udc2d\ud835\udc22\ud835\udc25 \ud835\udc0b\ud835\udc1a\ud835\udc1b \ud835\udfd0\ud835\udfce\ud835\udfd0\ud835\udfd3\u201d, de la Licenciatura en Dise\u00f1o Textil de la Facultad [&hellip;]<\/p>\n","protected":false},"author":5,"featured_media":51570,"comment_status":"open","ping_status":"open","sticky":false,"template":"","format":"standard","meta":{"footnotes":""},"categories":[7,213,241],"tags":[],"class_list":["post-51569","post","type-post","status-publish","format-standard","has-post-thumbnail","hentry","category-ciudadanos","category-educacion","category-uatx"],"amp_enabled":true,"_links":{"self":[{"href":"https:\/\/labestiapolitica.com.mx\/index.php?rest_route=\/wp\/v2\/posts\/51569","targetHints":{"allow":["GET"]}}],"collection":[{"href":"https:\/\/labestiapolitica.com.mx\/index.php?rest_route=\/wp\/v2\/posts"}],"about":[{"href":"https:\/\/labestiapolitica.com.mx\/index.php?rest_route=\/wp\/v2\/types\/post"}],"author":[{"embeddable":true,"href":"https:\/\/labestiapolitica.com.mx\/index.php?rest_route=\/wp\/v2\/users\/5"}],"replies":[{"embeddable":true,"href":"https:\/\/labestiapolitica.com.mx\/index.php?rest_route=%2Fwp%2Fv2%2Fcomments&post=51569"}],"version-history":[{"count":1,"href":"https:\/\/labestiapolitica.com.mx\/index.php?rest_route=\/wp\/v2\/posts\/51569\/revisions"}],"predecessor-version":[{"id":51571,"href":"https:\/\/labestiapolitica.com.mx\/index.php?rest_route=\/wp\/v2\/posts\/51569\/revisions\/51571"}],"wp:featuredmedia":[{"embeddable":true,"href":"https:\/\/labestiapolitica.com.mx\/index.php?rest_route=\/wp\/v2\/media\/51570"}],"wp:attachment":[{"href":"https:\/\/labestiapolitica.com.mx\/index.php?rest_route=%2Fwp%2Fv2%2Fmedia&parent=51569"}],"wp:term":[{"taxonomy":"category","embeddable":true,"href":"https:\/\/labestiapolitica.com.mx\/index.php?rest_route=%2Fwp%2Fv2%2Fcategories&post=51569"},{"taxonomy":"post_tag","embeddable":true,"href":"https:\/\/labestiapolitica.com.mx\/index.php?rest_route=%2Fwp%2Fv2%2Ftags&post=51569"}],"curies":[{"name":"wp","href":"https:\/\/api.w.org\/{rel}","templated":true}]}}