{"id":51572,"date":"2025-10-15T18:56:07","date_gmt":"2025-10-16T00:56:07","guid":{"rendered":"https:\/\/labestiapolitica.com.mx\/?p=51572"},"modified":"2025-10-15T18:56:13","modified_gmt":"2025-10-16T00:56:13","slug":"gobierno-de-zacualpan-impulsa-acciones-para-un-control-biologico-del-chapulin","status":"publish","type":"post","link":"https:\/\/labestiapolitica.com.mx\/?p=51572","title":{"rendered":"Gobierno de Zacualpan impulsa acciones para un control biol\u00f3gico del chapul\u00edn."},"content":{"rendered":"<p style=\"text-align: justify;\">Como parte del compromiso con el campo y en favor de una agricultura sostenible y responsable, el gobierno municipal de Zacualpan, encabezado por la presidenta Sandra Corona Padilla, llev\u00f3 a cabo una reuni\u00f3n informativa con agricultores del municipio para atender la presencia de la plaga de chapul\u00edn y planear la pr\u00f3xima jornada de control biol\u00f3gico.<\/p>\n<p style=\"text-align: justify;\">La reuni\u00f3n se realiz\u00f3 el pasado viernes en la Sala de Usos M\u00faltiples, a trav\u00e9s de la Direcci\u00f3n de Fomento Agropecuario, y cont\u00f3 con la participaci\u00f3n de especialistas del Comit\u00e9 Estatal de Sanidad Vegetal de Tlaxcala (CESAVETLAX), quienes impartieron una pl\u00e1tica sobre las estrategias y beneficios del manejo biol\u00f3gico de plagas.<\/p>\n<p style=\"text-align: justify;\">Durante el encuentro, se destac\u00f3 la importancia de implementar m\u00e9todos sostenibles que reduzcan el uso de productos qu\u00edmicos y promuevan pr\u00e1cticas agr\u00edcolas responsables. Estas acciones, se\u00f1alaron las autoridades, benefician tanto a los productores como a los consumidores, al proteger la biodiversidad y mejorar la calidad de los cultivos.<\/p>\n<p style=\"text-align: justify;\">Con iniciativas como esta, el gobierno municipal reafirma su compromiso de impulsar una agricultura que respeta el medio ambiente, cuida la salud y fortalece la cadena productiva de Zacualpan.<\/p>\n<p>&nbsp;<\/p>\n<p><img loading=\"lazy\" decoding=\"async\" class=\"alignnone wp-image-28405 size-full\" src=\"https:\/\/labestiapolitica.com.mx\/wp-content\/uploads\/2024\/06\/U-NOVA-y-se-diferente.png\" alt=\"\" width=\"1000\" height=\"600\" srcset=\"https:\/\/labestiapolitica.com.mx\/wp-content\/uploads\/2024\/06\/U-NOVA-y-se-diferente.png 1000w, https:\/\/labestiapolitica.com.mx\/wp-content\/uploads\/2024\/06\/U-NOVA-y-se-diferente-300x180.png 300w, https:\/\/labestiapolitica.com.mx\/wp-content\/uploads\/2024\/06\/U-NOVA-y-se-diferente-768x461.png 768w\" sizes=\"auto, (max-width: 1000px) 100vw, 1000px\" \/><\/p>\n","protected":false},"excerpt":{"rendered":"<p>Como parte del compromiso con el campo y en favor de una agricultura sostenible y responsable, el gobierno municipal de Zacualpan, encabezado por la presidenta Sandra Corona Padilla, llev\u00f3 a cabo una reuni\u00f3n informativa con agricultores del municipio para atender la presencia de la plaga de chapul\u00edn y planear la pr\u00f3xima jornada de control biol\u00f3gico. [&hellip;]<\/p>\n","protected":false},"author":5,"featured_media":51577,"comment_status":"open","ping_status":"open","sticky":false,"template":"","format":"standard","meta":{"footnotes":""},"categories":[7,216],"tags":[],"class_list":["post-51572","post","type-post","status-publish","format-standard","has-post-thumbnail","hentry","category-ciudadanos","category-municipios"],"amp_enabled":true,"_links":{"self":[{"href":"https:\/\/labestiapolitica.com.mx\/index.php?rest_route=\/wp\/v2\/posts\/51572","targetHints":{"allow":["GET"]}}],"collection":[{"href":"https:\/\/labestiapolitica.com.mx\/index.php?rest_route=\/wp\/v2\/posts"}],"about":[{"href":"https:\/\/labestiapolitica.com.mx\/index.php?rest_route=\/wp\/v2\/types\/post"}],"author":[{"embeddable":true,"href":"https:\/\/labestiapolitica.com.mx\/index.php?rest_route=\/wp\/v2\/users\/5"}],"replies":[{"embeddable":true,"href":"https:\/\/labestiapolitica.com.mx\/index.php?rest_route=%2Fwp%2Fv2%2Fcomments&post=51572"}],"version-history":[{"count":1,"href":"https:\/\/labestiapolitica.com.mx\/index.php?rest_route=\/wp\/v2\/posts\/51572\/revisions"}],"predecessor-version":[{"id":51578,"href":"https:\/\/labestiapolitica.com.mx\/index.php?rest_route=\/wp\/v2\/posts\/51572\/revisions\/51578"}],"wp:featuredmedia":[{"embeddable":true,"href":"https:\/\/labestiapolitica.com.mx\/index.php?rest_route=\/wp\/v2\/media\/51577"}],"wp:attachment":[{"href":"https:\/\/labestiapolitica.com.mx\/index.php?rest_route=%2Fwp%2Fv2%2Fmedia&parent=51572"}],"wp:term":[{"taxonomy":"category","embeddable":true,"href":"https:\/\/labestiapolitica.com.mx\/index.php?rest_route=%2Fwp%2Fv2%2Fcategories&post=51572"},{"taxonomy":"post_tag","embeddable":true,"href":"https:\/\/labestiapolitica.com.mx\/index.php?rest_route=%2Fwp%2Fv2%2Ftags&post=51572"}],"curies":[{"name":"wp","href":"https:\/\/api.w.org\/{rel}","templated":true}]}}