{"id":51573,"date":"2025-10-15T18:31:31","date_gmt":"2025-10-16T00:31:31","guid":{"rendered":"https:\/\/labestiapolitica.com.mx\/?p=51573"},"modified":"2025-10-15T18:31:31","modified_gmt":"2025-10-16T00:31:31","slug":"gobierno-de-tlaxcala-capital-deja-legado-historico-en-capsula-del-tiempo-rumbo-al-ano-2075","status":"publish","type":"post","link":"https:\/\/labestiapolitica.com.mx\/?p=51573","title":{"rendered":"Gobierno de Tlaxcala capital deja legado hist\u00f3rico en c\u00e1psula del tiempo rumbo al a\u00f1o 2075"},"content":{"rendered":"<p style=\"text-align: justify;\" data-start=\"335\" data-end=\"688\">El <strong data-start=\"338\" data-end=\"372\">Gobierno Municipal de Tlaxcala<\/strong>, encabezado por <strong data-start=\"389\" data-end=\"415\">Alfonso S\u00e1nchez Garc\u00eda<\/strong>, dej\u00f3 su huella en la historia al contribuir con valiosos testimonios para la <strong data-start=\"494\" data-end=\"516\">c\u00e1psula del tiempo<\/strong> que ser\u00e1 abierta en el a\u00f1o <strong data-start=\"544\" data-end=\"552\">2075<\/strong>, un gesto simb\u00f3lico que permitir\u00e1 a las futuras generaciones conocer parte del legado cultural, social y gubernamental de la capital.<\/p>\n<p style=\"text-align: justify;\" data-start=\"690\" data-end=\"1123\">En representaci\u00f3n del Ayuntamiento, el <strong data-start=\"729\" data-end=\"791\">secretario del Ayuntamiento, V\u00edctor Hugo Guti\u00e9rrez Morales<\/strong>, particip\u00f3 en la <strong data-start=\"809\" data-end=\"833\">ceremonia de sellado<\/strong> de la c\u00e1psula, en la que fueron incluidas una <strong data-start=\"880\" data-end=\"926\">carta dirigida a los ciudadanos del futuro<\/strong>, una <strong data-start=\"932\" data-end=\"966\">fotograf\u00eda oficial del cabildo<\/strong> y una <strong data-start=\"973\" data-end=\"1024\">r\u00e9plica del manuscrito de Glasgow del siglo XVI<\/strong>, documento que refleja la riqueza hist\u00f3rica y el esp\u00edritu de identidad que distingue a Tlaxcala.<\/p>\n<p style=\"text-align: justify;\" data-start=\"1125\" data-end=\"1556\">La colocaci\u00f3n de esta c\u00e1psula, frente a la <strong data-start=\"1168\" data-end=\"1213\">Antimonumenta del bulevar Guillermo Valle<\/strong>, form\u00f3 parte del <strong data-start=\"1231\" data-end=\"1303\">cierre de los festejos por los 500 a\u00f1os de la fundaci\u00f3n de la ciudad<\/strong>, en un acto conjunto entre el <strong data-start=\"1334\" data-end=\"1369\">Gobierno del Estado de Tlaxcala<\/strong>, la <strong data-start=\"1374\" data-end=\"1399\">Secretar\u00eda de Turismo<\/strong>, el <strong data-start=\"1404\" data-end=\"1446\">Archivo General e Hist\u00f3rico del Estado<\/strong> y el <strong data-start=\"1452\" data-end=\"1480\">Ayuntamiento de Tlaxcala<\/strong>, instituciones unidas en la misi\u00f3n de <strong data-start=\"1519\" data-end=\"1553\">preservar la memoria colectiva<\/strong>.<\/p>\n<p style=\"text-align: justify;\" data-start=\"1558\" data-end=\"1823\">Al encabezar el acto, la <strong data-start=\"1583\" data-end=\"1622\">gobernadora Lorena Cu\u00e9llar Cisneros<\/strong> destac\u00f3 que este proyecto representa un mensaje de amor, orgullo y esperanza, y deposit\u00f3 una <strong data-start=\"1716\" data-end=\"1744\">figura del Hombre P\u00e1jaro<\/strong>, inspirada en los murales de Cacaxtla, como s\u00edmbolo de libertad y sabidur\u00eda.<\/p>\n<p style=\"text-align: justify;\" data-start=\"1825\" data-end=\"2034\">Por su parte, la <strong data-start=\"1842\" data-end=\"1898\">directora del Archivo General e Hist\u00f3rico del Estado<\/strong>, <strong data-start=\"1900\" data-end=\"1927\">Mayra V\u00e1zquez Vel\u00e1zquez<\/strong>, subray\u00f3 la trascendencia del momento y el valor hist\u00f3rico que tendr\u00e1 este legado dentro de medio siglo.<\/p>\n<p style=\"text-align: justify;\" data-start=\"2036\" data-end=\"2262\">En el interior de la c\u00e1psula fueron resguardadas <strong data-start=\"2085\" data-end=\"2170\">cartas, artesan\u00edas, trajes y m\u00e1scaras de huehues, un bast\u00f3n de mando y documentos<\/strong> que reflejan la vida cotidiana y los retos superados por la sociedad tlaxcalteca en 2025.<\/p>\n<p style=\"text-align: justify;\" data-start=\"2264\" data-end=\"2677\">El acto cont\u00f3 con la presencia de <strong data-start=\"2298\" data-end=\"2319\">Maribel Le\u00f3n Cruz<\/strong>, presidenta de la Mesa Directiva del Congreso del Estado; <strong data-start=\"2378\" data-end=\"2411\">Fanny Margarita Amador Montes<\/strong>, magistrada presidenta del TSJE; <strong data-start=\"2445\" data-end=\"2479\">Luis Antonio Ram\u00edrez Hern\u00e1ndez<\/strong>, secretario de Gobierno; <strong data-start=\"2505\" data-end=\"2532\">Fabricio Mena Rodr\u00edguez<\/strong>, secretario de Turismo; <strong data-start=\"2557\" data-end=\"2582\">Karen \u00c1lvarez Villeda<\/strong>, titular de la Secretar\u00eda de Cultura, as\u00ed como integrantes del gabinete estatal y municipal.<\/p>\n<p style=\"text-align: justify;\" data-start=\"2679\" data-end=\"2910\">Con esta acci\u00f3n, el <strong data-start=\"2699\" data-end=\"2727\">Ayuntamiento de Tlaxcala<\/strong> reafirma su compromiso con la historia, la identidad y la proyecci\u00f3n del legado que distingue a la capital del estado como <strong data-start=\"2851\" data-end=\"2907\">cuna de la mexicanidad y ciudad viva de cinco siglos<\/strong>.<\/p>\n<p data-start=\"2912\" data-end=\"3027\">\n","protected":false},"excerpt":{"rendered":"<p>El Gobierno Municipal de Tlaxcala, encabezado por Alfonso S\u00e1nchez Garc\u00eda, dej\u00f3 su huella en la historia al contribuir con valiosos testimonios para la c\u00e1psula del tiempo que ser\u00e1 abierta en el a\u00f1o 2075, un gesto simb\u00f3lico que permitir\u00e1 a las futuras generaciones conocer parte del legado cultural, social y gubernamental de la capital. En representaci\u00f3n [&hellip;]<\/p>\n","protected":false},"author":3,"featured_media":51574,"comment_status":"open","ping_status":"open","sticky":false,"template":"","format":"standard","meta":{"footnotes":""},"categories":[216,214],"tags":[],"class_list":["post-51573","post","type-post","status-publish","format-standard","has-post-thumbnail","hentry","category-municipios","category-tlaxcala-capital"],"amp_enabled":true,"_links":{"self":[{"href":"https:\/\/labestiapolitica.com.mx\/index.php?rest_route=\/wp\/v2\/posts\/51573","targetHints":{"allow":["GET"]}}],"collection":[{"href":"https:\/\/labestiapolitica.com.mx\/index.php?rest_route=\/wp\/v2\/posts"}],"about":[{"href":"https:\/\/labestiapolitica.com.mx\/index.php?rest_route=\/wp\/v2\/types\/post"}],"author":[{"embeddable":true,"href":"https:\/\/labestiapolitica.com.mx\/index.php?rest_route=\/wp\/v2\/users\/3"}],"replies":[{"embeddable":true,"href":"https:\/\/labestiapolitica.com.mx\/index.php?rest_route=%2Fwp%2Fv2%2Fcomments&post=51573"}],"version-history":[{"count":1,"href":"https:\/\/labestiapolitica.com.mx\/index.php?rest_route=\/wp\/v2\/posts\/51573\/revisions"}],"predecessor-version":[{"id":51575,"href":"https:\/\/labestiapolitica.com.mx\/index.php?rest_route=\/wp\/v2\/posts\/51573\/revisions\/51575"}],"wp:featuredmedia":[{"embeddable":true,"href":"https:\/\/labestiapolitica.com.mx\/index.php?rest_route=\/wp\/v2\/media\/51574"}],"wp:attachment":[{"href":"https:\/\/labestiapolitica.com.mx\/index.php?rest_route=%2Fwp%2Fv2%2Fmedia&parent=51573"}],"wp:term":[{"taxonomy":"category","embeddable":true,"href":"https:\/\/labestiapolitica.com.mx\/index.php?rest_route=%2Fwp%2Fv2%2Fcategories&post=51573"},{"taxonomy":"post_tag","embeddable":true,"href":"https:\/\/labestiapolitica.com.mx\/index.php?rest_route=%2Fwp%2Fv2%2Ftags&post=51573"}],"curies":[{"name":"wp","href":"https:\/\/api.w.org\/{rel}","templated":true}]}}