{"id":51655,"date":"2025-10-16T16:52:39","date_gmt":"2025-10-16T22:52:39","guid":{"rendered":"https:\/\/labestiapolitica.com.mx\/?p=51655"},"modified":"2025-10-16T16:52:39","modified_gmt":"2025-10-16T22:52:39","slug":"la-uatx-fortalecera-cursos-de-educacion-continua-para-diversos-sectores-de-la-poblacion-rector","status":"publish","type":"post","link":"https:\/\/labestiapolitica.com.mx\/?p=51655","title":{"rendered":"La UATx fortalecer\u00e1 cursos de educaci\u00f3n continua para diversos sectores de la poblaci\u00f3n: Rector."},"content":{"rendered":"<ul>\n<li style=\"font-weight: 400; text-align: justify;\">En los \u00e1mbitos humanista, cient\u00edfico, tecnol\u00f3gico y de innovaci\u00f3n, para egresados y profesionistas de los distintos \u00e1mbitos productivos<\/li>\n<\/ul>\n<p style=\"font-weight: 400; text-align: justify;\">La Universidad Aut\u00f3noma de Tlaxcala (UATx) fortalecer\u00e1 su tarea de promover cursos de educaci\u00f3n continua para diversos sectores de la poblaci\u00f3n a trav\u00e9s del dise\u00f1o de estrategias que promuevan una formaci\u00f3n breve y flexible a lo largo de la vida mediante las microcredenciales, adelant\u00f3 el Rector, Doctor Seraf\u00edn Ortiz Ortiz, al encabezar la Reuni\u00f3n de Trabajo con l\u00edderes de Cuerpos Acad\u00e9micos.<\/p>\n<p style=\"font-weight: 400; text-align: justify;\">Ante especialistas de los centros de investigaci\u00f3n y de cuerpos acad\u00e9micos, estructura directiva de la Instituci\u00f3n y de las facultades, en el Auditorio Semifijo de Educaci\u00f3n Inicial de la Torre de Rector\u00eda, el Doctor Ortiz propici\u00f3 un di\u00e1logo con los acad\u00e9micos para conocer sus puntos de vista con respecto a los trabajos de futuro que buscan apuntalar la educaci\u00f3n continua con diversos sectores de la sociedad.<\/p>\n<p style=\"font-weight: 400; text-align: justify;\">En su interlocuci\u00f3n, el Rector precis\u00f3 que a trav\u00e9s de la Coordinaci\u00f3n General de Cuerpos Acad\u00e9micos y la Coordinaci\u00f3n de Educaci\u00f3n Continua, los investigadores de la UATx compartir\u00e1n su experiencia en los \u00e1mbitos humanista, cient\u00edfico, tecnol\u00f3gico y de innovaci\u00f3n, con el objetivo de actualizar a egresados y profesionistas que se desempe\u00f1an en los distintos \u00e1mbitos productivos.<\/p>\n<p style=\"font-weight: 400; text-align: justify;\">A\u00f1adi\u00f3 que este proyecto se desarrollar\u00e1 bajo la filosof\u00eda del Modelo Humanista Integrador basado en Capacidades (MHIC) para que los cursos tengan un sentido social, fortalezcan el desempe\u00f1o profesional y laboral y se genere un impacto positivo en la innovaci\u00f3n y el bienestar colectivo.<\/p>\n<p style=\"font-weight: 400; text-align: justify;\">Por su parte, la Maestra Gabriela Georgina Mateos G\u00f3mez, Coordinadora General de Cuerpos Acad\u00e9micos, dijo que los grupos colegiados son una pieza clave, donde los conocimientos se transforman y se producen ideas para atender diferentes problem\u00e1ticas, al ser un semillero de renovaci\u00f3n y colaboraci\u00f3n para enfrentar los retos de nuestro tiempo, aspecto que ha permitido elevar la calidad del trabajo que realizan y ampliar las l\u00edneas de investigaci\u00f3n que desarrollan a trav\u00e9s de las redes de colaboraci\u00f3n tem\u00e1tica.<\/p>\n<p style=\"font-weight: 400; text-align: justify;\">En tanto, el Doctor Favi\u00e1n Aquiahuatl Denicia, Coordinador General de Educaci\u00f3n Continua, coment\u00f3 que el proyecto de las microcredenciales permitir\u00e1 avanzar en el posicionamiento \u00a0de la UATx y aprovechar sus fortalezas al contar con personal altamente capacitado y especializado en distintas \u00e1reas del conocimiento, infraestructura f\u00edsica y tecnol\u00f3gica, adem\u00e1s, este nuevo esquema reconoce los resultados del aprendizaje de las personas.<\/p>\n<p style=\"font-weight: 400; text-align: justify;\">Subray\u00f3 que para lograr que la UATx pueda desempe\u00f1arse como organismo evaluador, ser\u00e1 necesario obtener una certificaci\u00f3n ante el Consejo Nacional de Normalizaci\u00f3n y Certificaci\u00f3n de Competencias Laborales (CONOCER), lo que permitir\u00e1 \u00a0normalizar y certificar las competencias laborales,\u00a0habilidades, destrezas y actitudes.<\/p>\n<p style=\"font-weight: 400; text-align: justify;\">En dicha reuni\u00f3n, el Rector de la UATx propici\u00f3 un di\u00e1logo con los integrantes de los Cuerpos Acad\u00e9micos para conocer sus puntos de vista con respecto a los trabajos de futuro que buscan apuntalar la educaci\u00f3n continua para diversos sectores de la sociedad.<\/p>\n<p>&nbsp;<\/p>\n<p><img loading=\"lazy\" decoding=\"async\" class=\"alignnone wp-image-28405 size-full\" src=\"https:\/\/labestiapolitica.com.mx\/wp-content\/uploads\/2024\/06\/U-NOVA-y-se-diferente.png\" alt=\"\" width=\"1000\" height=\"600\" srcset=\"https:\/\/labestiapolitica.com.mx\/wp-content\/uploads\/2024\/06\/U-NOVA-y-se-diferente.png 1000w, https:\/\/labestiapolitica.com.mx\/wp-content\/uploads\/2024\/06\/U-NOVA-y-se-diferente-300x180.png 300w, https:\/\/labestiapolitica.com.mx\/wp-content\/uploads\/2024\/06\/U-NOVA-y-se-diferente-768x461.png 768w\" sizes=\"auto, (max-width: 1000px) 100vw, 1000px\" \/><\/p>\n","protected":false},"excerpt":{"rendered":"<p>En los \u00e1mbitos humanista, cient\u00edfico, tecnol\u00f3gico y de innovaci\u00f3n, para egresados y profesionistas de los distintos \u00e1mbitos productivos La Universidad Aut\u00f3noma de Tlaxcala (UATx) fortalecer\u00e1 su tarea de promover cursos de educaci\u00f3n continua para diversos sectores de la poblaci\u00f3n a trav\u00e9s del dise\u00f1o de estrategias que promuevan una formaci\u00f3n breve y flexible a lo largo [&hellip;]<\/p>\n","protected":false},"author":5,"featured_media":51656,"comment_status":"open","ping_status":"open","sticky":false,"template":"","format":"standard","meta":{"footnotes":""},"categories":[7,213,241],"tags":[],"class_list":["post-51655","post","type-post","status-publish","format-standard","has-post-thumbnail","hentry","category-ciudadanos","category-educacion","category-uatx"],"amp_enabled":true,"_links":{"self":[{"href":"https:\/\/labestiapolitica.com.mx\/index.php?rest_route=\/wp\/v2\/posts\/51655","targetHints":{"allow":["GET"]}}],"collection":[{"href":"https:\/\/labestiapolitica.com.mx\/index.php?rest_route=\/wp\/v2\/posts"}],"about":[{"href":"https:\/\/labestiapolitica.com.mx\/index.php?rest_route=\/wp\/v2\/types\/post"}],"author":[{"embeddable":true,"href":"https:\/\/labestiapolitica.com.mx\/index.php?rest_route=\/wp\/v2\/users\/5"}],"replies":[{"embeddable":true,"href":"https:\/\/labestiapolitica.com.mx\/index.php?rest_route=%2Fwp%2Fv2%2Fcomments&post=51655"}],"version-history":[{"count":1,"href":"https:\/\/labestiapolitica.com.mx\/index.php?rest_route=\/wp\/v2\/posts\/51655\/revisions"}],"predecessor-version":[{"id":51657,"href":"https:\/\/labestiapolitica.com.mx\/index.php?rest_route=\/wp\/v2\/posts\/51655\/revisions\/51657"}],"wp:featuredmedia":[{"embeddable":true,"href":"https:\/\/labestiapolitica.com.mx\/index.php?rest_route=\/wp\/v2\/media\/51656"}],"wp:attachment":[{"href":"https:\/\/labestiapolitica.com.mx\/index.php?rest_route=%2Fwp%2Fv2%2Fmedia&parent=51655"}],"wp:term":[{"taxonomy":"category","embeddable":true,"href":"https:\/\/labestiapolitica.com.mx\/index.php?rest_route=%2Fwp%2Fv2%2Fcategories&post=51655"},{"taxonomy":"post_tag","embeddable":true,"href":"https:\/\/labestiapolitica.com.mx\/index.php?rest_route=%2Fwp%2Fv2%2Ftags&post=51655"}],"curies":[{"name":"wp","href":"https:\/\/api.w.org\/{rel}","templated":true}]}}