{"id":51658,"date":"2025-10-16T17:12:39","date_gmt":"2025-10-16T23:12:39","guid":{"rendered":"https:\/\/labestiapolitica.com.mx\/?p=51658"},"modified":"2025-10-16T17:12:39","modified_gmt":"2025-10-16T23:12:39","slug":"la-instancia-de-la-mujer-totolac-impulsa-%f0%9d%98%83%f0%9d%97%ae%f0%9d%97%b9%f0%9d%97%bc%f0%9d%97%bf%f0%9d%97%b2%f0%9d%98%80-%f0%9d%97%b1%f0%9d%97%b2-%f0%9d%97%b2%f0%9d%97%be%f0%9d%98%82%f0%9d%97%b6","status":"publish","type":"post","link":"https:\/\/labestiapolitica.com.mx\/?p=51658","title":{"rendered":"La Instancia de la Mujer Totolac impulsa \ud835\ude03\ud835\uddee\ud835\uddf9\ud835\uddfc\ud835\uddff\ud835\uddf2\ud835\ude00 \ud835\uddf1\ud835\uddf2 \ud835\uddf2\ud835\uddfe\ud835\ude02\ud835\uddf6\ud835\uddf1\ud835\uddee\ud835\uddf1 \ud835\ude06 \ud835\uddfd\ud835\uddff\ud835\uddf2\ud835\ude03\ud835\uddf2\ud835\uddfb\ud835\uddf0\ud835\uddf6\u00f3\ud835\uddfb \ud835\uddf2\ud835\uddfb \ud835\uddd6\ud835\udde2\ud835\udde1\ud835\uddd4\ud835\udddf\ud835\uddd8\ud835\udde3 \ud835\udde7\ud835\uddfc\ud835\ude01\ud835\uddfc\ud835\uddf9\ud835\uddee\ud835\uddf0."},"content":{"rendered":"<p style=\"text-align: justify;\">La Directora: \ud835\uddec\ud835\uddee\ud835\uddf7\ud835\uddee\ud835\uddf6\ud835\uddff\ud835\uddee \ud835\uddda\ud835\uddee\ud835\uddff\ud835\uddf0\u00ed\ud835\uddee \ud835\udded\ud835\uddf2\ud835\uddfa\ud835\uddfd\ud835\uddfc\ud835\uddee\ud835\uddf9\ud835\ude01\ud835\uddf2\ud835\uddf0\ud835\uddee, promovi\u00f3 una conferencia dirigida a alumnas y alumnos del CONALEP Totolac, quienes participaron con gran inter\u00e9s.<br \/>\nLa responsable de impartir los conocimientos fue la Mtra. Citlali Ortiz Cano, quien abord\u00f3 los temas: \u00ab\ud835\uddd8\ud835\uddfe\ud835\ude02\ud835\uddf6\ud835\uddf1\ud835\uddee\ud835\uddf1 \ud835\uddf1\ud835\uddf2 \ud835\uddda\u00e9\ud835\uddfb\ud835\uddf2\ud835\uddff\ud835\uddfc\u00bb: fomentando la igualdad de oportunidades, el respeto mutuo y la eliminaci\u00f3n de estereotipos en todos los \u00e1mbitos de la vida y \u00ab\ud835\udde3\ud835\uddff\ud835\uddf2\ud835\ude03\ud835\uddf2\ud835\uddfb\ud835\uddf0\ud835\uddf6\u00f3\ud835\uddfb \ud835\uddf1\ud835\uddf2 \ud835\uddf9\ud835\uddee \ud835\udde9\ud835\uddf6\ud835\uddfc\ud835\uddf9\ud835\uddf2\ud835\uddfb\ud835\uddf0\ud835\uddf6\ud835\uddee\u00bb: concientizando sobre las distintas formas de violencia, c\u00f3mo identificarlas y qu\u00e9 acciones tomar para prevenirlas desde el entorno escolar y familiar.<br \/>\nEst\u00e1s acciones fortalecen el compromiso del presidente municipal Benjam\u00edn Atonal Conde, con el desarrollo de la juventud, en un \ud835\uddf2\ud835\uddfb\ud835\ude01\ud835\uddfc\ud835\uddff\ud835\uddfb\ud835\uddfc \ud835\uddf9\ud835\uddf6\ud835\uddef\ud835\uddff\ud835\uddf2 \ud835\uddf1\ud835\uddf2 \ud835\ude03\ud835\uddf6\ud835\uddfc\ud835\uddf9\ud835\uddf2\ud835\uddfb\ud835\uddf0\ud835\uddf6\ud835\uddee.<\/p>\n<p>&nbsp;<\/p>\n<p><img loading=\"lazy\" decoding=\"async\" class=\"alignnone size-medium wp-image-28405\" src=\"https:\/\/labestiapolitica.com.mx\/wp-content\/uploads\/2024\/06\/U-NOVA-y-se-diferente-300x180.png\" alt=\"\" width=\"300\" height=\"180\" srcset=\"https:\/\/labestiapolitica.com.mx\/wp-content\/uploads\/2024\/06\/U-NOVA-y-se-diferente-300x180.png 300w, https:\/\/labestiapolitica.com.mx\/wp-content\/uploads\/2024\/06\/U-NOVA-y-se-diferente-768x461.png 768w, https:\/\/labestiapolitica.com.mx\/wp-content\/uploads\/2024\/06\/U-NOVA-y-se-diferente.png 1000w\" sizes=\"auto, (max-width: 300px) 100vw, 300px\" \/><\/p>\n","protected":false},"excerpt":{"rendered":"<p>La Directora: \ud835\uddec\ud835\uddee\ud835\uddf7\ud835\uddee\ud835\uddf6\ud835\uddff\ud835\uddee \ud835\uddda\ud835\uddee\ud835\uddff\ud835\uddf0\u00ed\ud835\uddee \ud835\udded\ud835\uddf2\ud835\uddfa\ud835\uddfd\ud835\uddfc\ud835\uddee\ud835\uddf9\ud835\ude01\ud835\uddf2\ud835\uddf0\ud835\uddee, promovi\u00f3 una conferencia dirigida a alumnas y alumnos del CONALEP Totolac, quienes participaron con gran inter\u00e9s. La responsable de impartir los conocimientos fue la Mtra. Citlali Ortiz Cano, quien abord\u00f3 los temas: \u00ab\ud835\uddd8\ud835\uddfe\ud835\ude02\ud835\uddf6\ud835\uddf1\ud835\uddee\ud835\uddf1 \ud835\uddf1\ud835\uddf2 \ud835\uddda\u00e9\ud835\uddfb\ud835\uddf2\ud835\uddff\ud835\uddfc\u00bb: fomentando la igualdad de oportunidades, el respeto mutuo y la eliminaci\u00f3n de estereotipos en todos [&hellip;]<\/p>\n","protected":false},"author":5,"featured_media":51659,"comment_status":"open","ping_status":"open","sticky":false,"template":"","format":"standard","meta":{"footnotes":""},"categories":[7,216,225],"tags":[],"class_list":["post-51658","post","type-post","status-publish","format-standard","has-post-thumbnail","hentry","category-ciudadanos","category-municipios","category-totolac"],"amp_enabled":true,"_links":{"self":[{"href":"https:\/\/labestiapolitica.com.mx\/index.php?rest_route=\/wp\/v2\/posts\/51658","targetHints":{"allow":["GET"]}}],"collection":[{"href":"https:\/\/labestiapolitica.com.mx\/index.php?rest_route=\/wp\/v2\/posts"}],"about":[{"href":"https:\/\/labestiapolitica.com.mx\/index.php?rest_route=\/wp\/v2\/types\/post"}],"author":[{"embeddable":true,"href":"https:\/\/labestiapolitica.com.mx\/index.php?rest_route=\/wp\/v2\/users\/5"}],"replies":[{"embeddable":true,"href":"https:\/\/labestiapolitica.com.mx\/index.php?rest_route=%2Fwp%2Fv2%2Fcomments&post=51658"}],"version-history":[{"count":1,"href":"https:\/\/labestiapolitica.com.mx\/index.php?rest_route=\/wp\/v2\/posts\/51658\/revisions"}],"predecessor-version":[{"id":51660,"href":"https:\/\/labestiapolitica.com.mx\/index.php?rest_route=\/wp\/v2\/posts\/51658\/revisions\/51660"}],"wp:featuredmedia":[{"embeddable":true,"href":"https:\/\/labestiapolitica.com.mx\/index.php?rest_route=\/wp\/v2\/media\/51659"}],"wp:attachment":[{"href":"https:\/\/labestiapolitica.com.mx\/index.php?rest_route=%2Fwp%2Fv2%2Fmedia&parent=51658"}],"wp:term":[{"taxonomy":"category","embeddable":true,"href":"https:\/\/labestiapolitica.com.mx\/index.php?rest_route=%2Fwp%2Fv2%2Fcategories&post=51658"},{"taxonomy":"post_tag","embeddable":true,"href":"https:\/\/labestiapolitica.com.mx\/index.php?rest_route=%2Fwp%2Fv2%2Ftags&post=51658"}],"curies":[{"name":"wp","href":"https:\/\/api.w.org\/{rel}","templated":true}]}}