{"id":51667,"date":"2025-10-16T20:20:32","date_gmt":"2025-10-17T02:20:32","guid":{"rendered":"https:\/\/labestiapolitica.com.mx\/?p=51667"},"modified":"2025-10-16T20:20:32","modified_gmt":"2025-10-17T02:20:32","slug":"policia-municipal-de-zacatelco-asegura-a-presunto-responsable-de-robo-a-cuentahabiente-en-panzacola","status":"publish","type":"post","link":"https:\/\/labestiapolitica.com.mx\/?p=51667","title":{"rendered":"Polic\u00eda Municipal de Zacatelco asegura a presunto responsable de robo a cuentahabiente en Panzacola."},"content":{"rendered":"<p style=\"text-align: justify;\">Gracias a la coordinaci\u00f3n intermunicipal y al trabajo de monitoreo en tiempo real, elementos de la Polic\u00eda Municipal de Zacatelco lograron la detenci\u00f3n de un hombre se\u00f1alado como presunto responsable de un robo a cuentahabiente, ocurrido al interior de una sucursal bancaria en Panzacola, Papalotla de Xicoht\u00e9ncatl.<\/p>\n<p style=\"text-align: justify;\">El incidente fue reportado a las 12:31 horas por el gerente de la sucursal BBVA, quien notific\u00f3 a las autoridades sobre el robo perpetrado dentro del establecimiento. De inmediato, se activaron los protocolos de seguridad y se alert\u00f3 a la Polic\u00eda Municipal de Zacatelco, que respondi\u00f3 al llamado de emergencia.<\/p>\n<p style=\"text-align: justify;\">A trav\u00e9s del sistema de videovigilancia del C2 y en coordinaci\u00f3n con el C5, se dio seguimiento a un veh\u00edculo Aveo color rojo, en el que presuntamente se trasladaba el responsable. La unidad fue interceptada sobre la carretera federal Tlaxcala \u2013 Puebla, en la esquina con Barranca Seca.<\/p>\n<p style=\"text-align: justify;\">Durante la inspecci\u00f3n, los oficiales encontraron en posesi\u00f3n del detenido un arma de fuego, por lo que fue asegurado y puesto a disposici\u00f3n de las autoridades correspondientes, en apego a los protocolos establecidos.<\/p>\n<p style=\"text-align: justify;\">El presunto responsable vest\u00eda playera blanca, short y tenis blancos, coincidiendo con la descripci\u00f3n proporcionada en el reporte inicial.<\/p>\n<p style=\"text-align: justify;\">Este hecho refleja los resultados del trabajo coordinado entre municipios, as\u00ed como la eficacia de los sistemas de videovigilancia y respuesta inmediata. El Gobierno Municipal de Zacatelco reitera su compromiso de trabajar de manera interinstitucional para fortalecer la seguridad y combatir la delincuencia en la regi\u00f3n sur.<\/p>\n<p>&nbsp;<\/p>\n<p><img loading=\"lazy\" decoding=\"async\" class=\"alignnone size-full wp-image-28405\" src=\"https:\/\/labestiapolitica.com.mx\/wp-content\/uploads\/2024\/06\/U-NOVA-y-se-diferente.png\" alt=\"\" width=\"1000\" height=\"600\" srcset=\"https:\/\/labestiapolitica.com.mx\/wp-content\/uploads\/2024\/06\/U-NOVA-y-se-diferente.png 1000w, https:\/\/labestiapolitica.com.mx\/wp-content\/uploads\/2024\/06\/U-NOVA-y-se-diferente-300x180.png 300w, https:\/\/labestiapolitica.com.mx\/wp-content\/uploads\/2024\/06\/U-NOVA-y-se-diferente-768x461.png 768w\" sizes=\"auto, (max-width: 1000px) 100vw, 1000px\" \/><\/p>\n","protected":false},"excerpt":{"rendered":"<p>Gracias a la coordinaci\u00f3n intermunicipal y al trabajo de monitoreo en tiempo real, elementos de la Polic\u00eda Municipal de Zacatelco lograron la detenci\u00f3n de un hombre se\u00f1alado como presunto responsable de un robo a cuentahabiente, ocurrido al interior de una sucursal bancaria en Panzacola, Papalotla de Xicoht\u00e9ncatl. El incidente fue reportado a las 12:31 horas [&hellip;]<\/p>\n","protected":false},"author":3,"featured_media":51668,"comment_status":"open","ping_status":"open","sticky":false,"template":"","format":"standard","meta":{"footnotes":""},"categories":[12,216,217],"tags":[],"class_list":["post-51667","post","type-post","status-publish","format-standard","has-post-thumbnail","hentry","category-brujula-2026","category-municipios","category-zacatelco"],"amp_enabled":true,"_links":{"self":[{"href":"https:\/\/labestiapolitica.com.mx\/index.php?rest_route=\/wp\/v2\/posts\/51667","targetHints":{"allow":["GET"]}}],"collection":[{"href":"https:\/\/labestiapolitica.com.mx\/index.php?rest_route=\/wp\/v2\/posts"}],"about":[{"href":"https:\/\/labestiapolitica.com.mx\/index.php?rest_route=\/wp\/v2\/types\/post"}],"author":[{"embeddable":true,"href":"https:\/\/labestiapolitica.com.mx\/index.php?rest_route=\/wp\/v2\/users\/3"}],"replies":[{"embeddable":true,"href":"https:\/\/labestiapolitica.com.mx\/index.php?rest_route=%2Fwp%2Fv2%2Fcomments&post=51667"}],"version-history":[{"count":1,"href":"https:\/\/labestiapolitica.com.mx\/index.php?rest_route=\/wp\/v2\/posts\/51667\/revisions"}],"predecessor-version":[{"id":51669,"href":"https:\/\/labestiapolitica.com.mx\/index.php?rest_route=\/wp\/v2\/posts\/51667\/revisions\/51669"}],"wp:featuredmedia":[{"embeddable":true,"href":"https:\/\/labestiapolitica.com.mx\/index.php?rest_route=\/wp\/v2\/media\/51668"}],"wp:attachment":[{"href":"https:\/\/labestiapolitica.com.mx\/index.php?rest_route=%2Fwp%2Fv2%2Fmedia&parent=51667"}],"wp:term":[{"taxonomy":"category","embeddable":true,"href":"https:\/\/labestiapolitica.com.mx\/index.php?rest_route=%2Fwp%2Fv2%2Fcategories&post=51667"},{"taxonomy":"post_tag","embeddable":true,"href":"https:\/\/labestiapolitica.com.mx\/index.php?rest_route=%2Fwp%2Fv2%2Ftags&post=51667"}],"curies":[{"name":"wp","href":"https:\/\/api.w.org\/{rel}","templated":true}]}}