{"id":51673,"date":"2025-10-16T20:27:46","date_gmt":"2025-10-17T02:27:46","guid":{"rendered":"https:\/\/labestiapolitica.com.mx\/?p=51673"},"modified":"2025-10-16T20:27:46","modified_gmt":"2025-10-17T02:27:46","slug":"tetla-participa-en-la-mesa-de-seguridad-para-la-construccion-de-la-paz-region-1","status":"publish","type":"post","link":"https:\/\/labestiapolitica.com.mx\/?p=51673","title":{"rendered":"Tetla participa en la Mesa de Seguridad para la Construcci\u00f3n de la Paz Regi\u00f3n 1."},"content":{"rendered":"<p style=\"text-align: justify;\">El d\u00eda de hoy se llev\u00f3 a cabo la Mesa de Seguridad para la Construcci\u00f3n de la Paz Regi\u00f3n 1, encabezada por el Presidente Municipal, Lic. Giovani Montiel L\u00f3pez, en coordinaci\u00f3n con dependencias *federales, estatales y municipales* en materia de seguridad p\u00fablica.<\/p>\n<p style=\"text-align: justify;\">Durante esta importante reuni\u00f3n se cont\u00f3 con la presencia de representantes de la Secretar\u00eda de la Defensa Nacional (SEDENA), Guardia Nacional, Centro Nacional de Inteligencia, Secretar\u00eda de Gobernaci\u00f3n, Secretar\u00eda de Seguridad Ciudadana (SSC), Procuradur\u00eda General de Justicia del Estado (PGJE), as\u00ed como presidentes municipales y comisarios de los 19 municipios que integran la regi\u00f3n.<\/p>\n<p style=\"text-align: justify;\">El objetivo de este encuentro fue fortalecer las estrategias de coordinaci\u00f3n y prevenci\u00f3n del delito, promoviendo acciones conjuntas que contribuyan a mantener la tranquilidad y el orden en cada municipio.<\/p>\n<p style=\"text-align: justify;\">El presidente municipal, Giovani Montiel L\u00f3pez, reiter\u00f3 su compromiso de continuar trabajando de manera coordinada con los tres \u00f3rdenes de gobierno, con el prop\u00f3sito de *construir un Tetla m\u00e1s seguro y en paz para todas y todos.<\/p>\n<blockquote><p><strong>\u00a0\u201cLa seguridad es una tarea que nos compete a todos. Desde el municipio reafirmamos nuestra disposici\u00f3n de sumar esfuerzos y generar acciones concretas que brinden bienestar a las familias tetlenses\u201d<\/strong>, se\u00f1al\u00f3 el alcalde.<\/p><\/blockquote>\n<p style=\"text-align: justify;\">Con estas acciones, el Gobierno Municipal de Tetla de la Solidaridad* reafirma su compromiso con la *paz, la seguridad y el bienestar de la poblaci\u00f3n.<\/p>\n<p>&nbsp;<\/p>\n<p><img loading=\"lazy\" decoding=\"async\" class=\"alignnone size-full wp-image-28405\" src=\"https:\/\/labestiapolitica.com.mx\/wp-content\/uploads\/2024\/06\/U-NOVA-y-se-diferente.png\" alt=\"\" width=\"1000\" height=\"600\" srcset=\"https:\/\/labestiapolitica.com.mx\/wp-content\/uploads\/2024\/06\/U-NOVA-y-se-diferente.png 1000w, https:\/\/labestiapolitica.com.mx\/wp-content\/uploads\/2024\/06\/U-NOVA-y-se-diferente-300x180.png 300w, https:\/\/labestiapolitica.com.mx\/wp-content\/uploads\/2024\/06\/U-NOVA-y-se-diferente-768x461.png 768w\" sizes=\"auto, (max-width: 1000px) 100vw, 1000px\" \/><\/p>\n","protected":false},"excerpt":{"rendered":"<p>El d\u00eda de hoy se llev\u00f3 a cabo la Mesa de Seguridad para la Construcci\u00f3n de la Paz Regi\u00f3n 1, encabezada por el Presidente Municipal, Lic. Giovani Montiel L\u00f3pez, en coordinaci\u00f3n con dependencias *federales, estatales y municipales* en materia de seguridad p\u00fablica. Durante esta importante reuni\u00f3n se cont\u00f3 con la presencia de representantes de la [&hellip;]<\/p>\n","protected":false},"author":3,"featured_media":51674,"comment_status":"open","ping_status":"open","sticky":false,"template":"","format":"standard","meta":{"footnotes":""},"categories":[12,216,217],"tags":[],"class_list":["post-51673","post","type-post","status-publish","format-standard","has-post-thumbnail","hentry","category-brujula-2026","category-municipios","category-zacatelco"],"amp_enabled":true,"_links":{"self":[{"href":"https:\/\/labestiapolitica.com.mx\/index.php?rest_route=\/wp\/v2\/posts\/51673","targetHints":{"allow":["GET"]}}],"collection":[{"href":"https:\/\/labestiapolitica.com.mx\/index.php?rest_route=\/wp\/v2\/posts"}],"about":[{"href":"https:\/\/labestiapolitica.com.mx\/index.php?rest_route=\/wp\/v2\/types\/post"}],"author":[{"embeddable":true,"href":"https:\/\/labestiapolitica.com.mx\/index.php?rest_route=\/wp\/v2\/users\/3"}],"replies":[{"embeddable":true,"href":"https:\/\/labestiapolitica.com.mx\/index.php?rest_route=%2Fwp%2Fv2%2Fcomments&post=51673"}],"version-history":[{"count":1,"href":"https:\/\/labestiapolitica.com.mx\/index.php?rest_route=\/wp\/v2\/posts\/51673\/revisions"}],"predecessor-version":[{"id":51675,"href":"https:\/\/labestiapolitica.com.mx\/index.php?rest_route=\/wp\/v2\/posts\/51673\/revisions\/51675"}],"wp:featuredmedia":[{"embeddable":true,"href":"https:\/\/labestiapolitica.com.mx\/index.php?rest_route=\/wp\/v2\/media\/51674"}],"wp:attachment":[{"href":"https:\/\/labestiapolitica.com.mx\/index.php?rest_route=%2Fwp%2Fv2%2Fmedia&parent=51673"}],"wp:term":[{"taxonomy":"category","embeddable":true,"href":"https:\/\/labestiapolitica.com.mx\/index.php?rest_route=%2Fwp%2Fv2%2Fcategories&post=51673"},{"taxonomy":"post_tag","embeddable":true,"href":"https:\/\/labestiapolitica.com.mx\/index.php?rest_route=%2Fwp%2Fv2%2Ftags&post=51673"}],"curies":[{"name":"wp","href":"https:\/\/api.w.org\/{rel}","templated":true}]}}