{"id":51683,"date":"2025-10-17T14:08:42","date_gmt":"2025-10-17T20:08:42","guid":{"rendered":"https:\/\/labestiapolitica.com.mx\/?p=51683"},"modified":"2025-11-20T11:38:11","modified_gmt":"2025-11-20T17:38:11","slug":"%f0%9f%91%9a-tetla-camina-por-la-vida-%f0%9f%92%97uniendose-a-la-lucha-contra-el-cancer-de-mama-con-caminata-rosa-encabezada-por-el-alcalde-giovani-montiel","status":"publish","type":"post","link":"https:\/\/labestiapolitica.com.mx\/?p=51683","title":{"rendered":"\ud83d\udc5a Tetla camina por la vida \ud83d\udc97Uniendose a la lucha contra el c\u00e1ncer de mama con caminata rosa encabezada por el alcalde Giovani Montiel"},"content":{"rendered":"<p data-start=\"114\" data-end=\"534\">Tetla de la Solidaridad, Tlaxcala.\u2013 En el marco del <em data-start=\"166\" data-end=\"216\">D\u00eda Mundial de la Lucha contra el C\u00e1ncer de Mama<\/em>, el presidente municipal <strong data-start=\"242\" data-end=\"272\">Lic. Giovani Montiel L\u00f3pez<\/strong>, acompa\u00f1ado de su esposa, la <strong data-start=\"302\" data-end=\"338\">maestra Gabriela Mac\u00edas Barranco<\/strong>, presidenta honor\u00edfica del DIF Municipal, encabezaron una caminata conmemorativa que tuvo como prop\u00f3sito fomentar la <strong data-start=\"456\" data-end=\"514\">concientizaci\u00f3n, la prevenci\u00f3n y la detecci\u00f3n temprana<\/strong> de esta enfermedad.<\/p>\n<p data-start=\"536\" data-end=\"812\">La actividad fue organizada por la <strong data-start=\"571\" data-end=\"614\">Cuarta Regidora Anael Hern\u00e1ndez Salinas<\/strong>, la <strong data-start=\"619\" data-end=\"651\">Segunda Regidora Laura Yanin<\/strong> y el <strong data-start=\"657\" data-end=\"674\">DIF Municipal<\/strong>, quienes sumaron esfuerzos para <strong data-start=\"707\" data-end=\"738\">sensibilizar a la poblaci\u00f3n<\/strong> sobre la importancia del cuidado de la salud y el valor de la prevenci\u00f3n.<\/p>\n<p data-start=\"814\" data-end=\"1007\">Durante la caminata, <strong data-start=\"835\" data-end=\"921\">servidoras y servidores p\u00fablicos, instituciones educativas y ciudadan\u00eda en general<\/strong> se unieron vistiendo una <strong data-start=\"947\" data-end=\"962\">prenda rosa<\/strong>, s\u00edmbolo de esperanza, solidaridad y vida.<\/p>\n<p data-start=\"1009\" data-end=\"1237\">El evento sirvi\u00f3 como recordatorio de que <strong data-start=\"1051\" data-end=\"1075\">prevenir salva vidas<\/strong> y que la <strong data-start=\"1085\" data-end=\"1138\">uni\u00f3n comunitaria fortalece el bienestar de Tetla<\/strong>, al impulsar acciones que promueven una cultura de salud y apoyo mutuo frente al c\u00e1ncer de mama.<\/p>\n","protected":false},"excerpt":{"rendered":"<p>Tetla de la Solidaridad, Tlaxcala.\u2013 En el marco del D\u00eda Mundial de la Lucha contra el C\u00e1ncer de Mama, el presidente municipal Lic. Giovani Montiel L\u00f3pez, acompa\u00f1ado de su esposa, la maestra Gabriela Mac\u00edas Barranco, presidenta honor\u00edfica del DIF Municipal, encabezaron una caminata conmemorativa que tuvo como prop\u00f3sito fomentar la concientizaci\u00f3n, la prevenci\u00f3n y la [&hellip;]<\/p>\n","protected":false},"author":3,"featured_media":51684,"comment_status":"open","ping_status":"open","sticky":false,"template":"","format":"standard","meta":{"footnotes":""},"categories":[12,216,227],"tags":[],"class_list":["post-51683","post","type-post","status-publish","format-standard","has-post-thumbnail","hentry","category-brujula-2026","category-municipios","category-tetla"],"amp_enabled":true,"_links":{"self":[{"href":"https:\/\/labestiapolitica.com.mx\/index.php?rest_route=\/wp\/v2\/posts\/51683","targetHints":{"allow":["GET"]}}],"collection":[{"href":"https:\/\/labestiapolitica.com.mx\/index.php?rest_route=\/wp\/v2\/posts"}],"about":[{"href":"https:\/\/labestiapolitica.com.mx\/index.php?rest_route=\/wp\/v2\/types\/post"}],"author":[{"embeddable":true,"href":"https:\/\/labestiapolitica.com.mx\/index.php?rest_route=\/wp\/v2\/users\/3"}],"replies":[{"embeddable":true,"href":"https:\/\/labestiapolitica.com.mx\/index.php?rest_route=%2Fwp%2Fv2%2Fcomments&post=51683"}],"version-history":[{"count":1,"href":"https:\/\/labestiapolitica.com.mx\/index.php?rest_route=\/wp\/v2\/posts\/51683\/revisions"}],"predecessor-version":[{"id":51685,"href":"https:\/\/labestiapolitica.com.mx\/index.php?rest_route=\/wp\/v2\/posts\/51683\/revisions\/51685"}],"wp:featuredmedia":[{"embeddable":true,"href":"https:\/\/labestiapolitica.com.mx\/index.php?rest_route=\/wp\/v2\/media\/51684"}],"wp:attachment":[{"href":"https:\/\/labestiapolitica.com.mx\/index.php?rest_route=%2Fwp%2Fv2%2Fmedia&parent=51683"}],"wp:term":[{"taxonomy":"category","embeddable":true,"href":"https:\/\/labestiapolitica.com.mx\/index.php?rest_route=%2Fwp%2Fv2%2Fcategories&post=51683"},{"taxonomy":"post_tag","embeddable":true,"href":"https:\/\/labestiapolitica.com.mx\/index.php?rest_route=%2Fwp%2Fv2%2Ftags&post=51683"}],"curies":[{"name":"wp","href":"https:\/\/api.w.org\/{rel}","templated":true}]}}