{"id":51686,"date":"2025-10-17T14:26:25","date_gmt":"2025-10-17T20:26:25","guid":{"rendered":"https:\/\/labestiapolitica.com.mx\/?p=51686"},"modified":"2025-11-20T11:37:58","modified_gmt":"2025-11-20T17:37:58","slug":"emiliano-zapata-impulsa-la-prevencion-y-orientacion-para-migrantes-acercando-servicios-de-pasaporte-y-visa-a-la-ciudadania","status":"publish","type":"post","link":"https:\/\/labestiapolitica.com.mx\/?p=51686","title":{"rendered":"Emiliano Zapata impulsa la prevenci\u00f3n y orientaci\u00f3n para migrantes, acercando servicios de pasaporte y visa a la ciudadan\u00eda"},"content":{"rendered":"<p style=\"text-align: justify;\" data-start=\"131\" data-end=\"516\">\ud83c\udf0e\u2708\ufe0f <em data-start=\"136\" data-end=\"164\">Emiliano Zapata, Tlaxcala.<\/em>\u2013 Con el firme compromiso de <strong data-start=\"193\" data-end=\"238\">acercar servicios y generar oportunidades<\/strong>, el <strong data-start=\"243\" data-end=\"281\">H. Ayuntamiento de Emiliano Zapata<\/strong>, en coordinaci\u00f3n con la <strong data-start=\"306\" data-end=\"323\">escuela EMSAD<\/strong>, realiz\u00f3 el curso <strong data-start=\"342\" data-end=\"370\">\u201cPrevenci\u00f3n a Migrantes\u201d<\/strong>, enfocado en brindar <strong data-start=\"392\" data-end=\"449\">informaci\u00f3n, orientaci\u00f3n y acompa\u00f1amiento responsable<\/strong> a las personas que buscan nuevas oportunidades en el extranjero.<\/p>\n<p style=\"text-align: justify;\" data-start=\"518\" data-end=\"809\">Durante la jornada, desarrollada en el <strong data-start=\"557\" data-end=\"586\">Centro Cultural Municipal<\/strong>, tambi\u00e9n se ofreci\u00f3 <strong data-start=\"607\" data-end=\"712\">atenci\u00f3n personalizada a ciudadanas y ciudadanos interesados en realizar tr\u00e1mites de pasaporte y visa<\/strong>, facilitando as\u00ed el acceso a servicios que com\u00fanmente requieren traslados fuera del municipio.<\/p>\n<p style=\"text-align: justify;\" data-start=\"811\" data-end=\"1059\">Estas acciones reflejan el compromiso del gobierno municipal con el <strong data-start=\"879\" data-end=\"923\">bienestar y la seguridad de su poblaci\u00f3n<\/strong>, fortaleciendo la cultura de la prevenci\u00f3n y el respeto a los derechos humanos de quienes deciden emprender un camino fuera del pa\u00eds.<\/p>\n<p style=\"text-align: justify;\" data-start=\"1061\" data-end=\"1273\">El Ayuntamiento reafirm\u00f3 que <strong data-start=\"1090\" data-end=\"1190\">seguir\u00e1n trabajando para acompa\u00f1ar a la gente y construir juntos un futuro con m\u00e1s oportunidades<\/strong>, apostando por una administraci\u00f3n cercana, solidaria y con visi\u00f3n de desarrollo.<\/p>\n","protected":false},"excerpt":{"rendered":"<p>\ud83c\udf0e\u2708\ufe0f Emiliano Zapata, Tlaxcala.\u2013 Con el firme compromiso de acercar servicios y generar oportunidades, el H. Ayuntamiento de Emiliano Zapata, en coordinaci\u00f3n con la escuela EMSAD, realiz\u00f3 el curso \u201cPrevenci\u00f3n a Migrantes\u201d, enfocado en brindar informaci\u00f3n, orientaci\u00f3n y acompa\u00f1amiento responsable a las personas que buscan nuevas oportunidades en el extranjero. Durante la jornada, desarrollada en [&hellip;]<\/p>\n","protected":false},"author":3,"featured_media":51687,"comment_status":"open","ping_status":"open","sticky":false,"template":"","format":"standard","meta":{"footnotes":""},"categories":[12,243,216],"tags":[],"class_list":["post-51686","post","type-post","status-publish","format-standard","has-post-thumbnail","hentry","category-brujula-2026","category-emiliano-zapata","category-municipios"],"amp_enabled":true,"_links":{"self":[{"href":"https:\/\/labestiapolitica.com.mx\/index.php?rest_route=\/wp\/v2\/posts\/51686","targetHints":{"allow":["GET"]}}],"collection":[{"href":"https:\/\/labestiapolitica.com.mx\/index.php?rest_route=\/wp\/v2\/posts"}],"about":[{"href":"https:\/\/labestiapolitica.com.mx\/index.php?rest_route=\/wp\/v2\/types\/post"}],"author":[{"embeddable":true,"href":"https:\/\/labestiapolitica.com.mx\/index.php?rest_route=\/wp\/v2\/users\/3"}],"replies":[{"embeddable":true,"href":"https:\/\/labestiapolitica.com.mx\/index.php?rest_route=%2Fwp%2Fv2%2Fcomments&post=51686"}],"version-history":[{"count":1,"href":"https:\/\/labestiapolitica.com.mx\/index.php?rest_route=\/wp\/v2\/posts\/51686\/revisions"}],"predecessor-version":[{"id":51688,"href":"https:\/\/labestiapolitica.com.mx\/index.php?rest_route=\/wp\/v2\/posts\/51686\/revisions\/51688"}],"wp:featuredmedia":[{"embeddable":true,"href":"https:\/\/labestiapolitica.com.mx\/index.php?rest_route=\/wp\/v2\/media\/51687"}],"wp:attachment":[{"href":"https:\/\/labestiapolitica.com.mx\/index.php?rest_route=%2Fwp%2Fv2%2Fmedia&parent=51686"}],"wp:term":[{"taxonomy":"category","embeddable":true,"href":"https:\/\/labestiapolitica.com.mx\/index.php?rest_route=%2Fwp%2Fv2%2Fcategories&post=51686"},{"taxonomy":"post_tag","embeddable":true,"href":"https:\/\/labestiapolitica.com.mx\/index.php?rest_route=%2Fwp%2Fv2%2Ftags&post=51686"}],"curies":[{"name":"wp","href":"https:\/\/api.w.org\/{rel}","templated":true}]}}