{"id":51689,"date":"2025-10-17T17:13:22","date_gmt":"2025-10-17T23:13:22","guid":{"rendered":"https:\/\/labestiapolitica.com.mx\/?p=51689"},"modified":"2025-10-17T17:13:22","modified_gmt":"2025-10-17T23:13:22","slug":"zacatelco-se-une-en-solidaridad-con-poza-rica-veracruz","status":"publish","type":"post","link":"https:\/\/labestiapolitica.com.mx\/?p=51689","title":{"rendered":"Zacatelco se une en solidaridad con Poza Rica, Veracruz"},"content":{"rendered":"<p style=\"text-align: justify;\" data-start=\"870\" data-end=\"1148\">El <strong data-start=\"873\" data-end=\"908\">Gobierno Municipal de Zacatelco<\/strong>, encabezado por el presidente <strong data-start=\"939\" data-end=\"966\">Jos\u00e9 Miguel Acatzi Luna<\/strong>, lanz\u00f3 una campa\u00f1a de recolecci\u00f3n de v\u00edveres y art\u00edculos de primera necesidad en apoyo a las familias de <strong data-start=\"1072\" data-end=\"1095\">Poza Rica, Veracruz<\/strong>, afectadas recientemente por las intensas lluvias.<\/p>\n<p style=\"text-align: justify;\" data-start=\"1150\" data-end=\"1467\">A trav\u00e9s de esta iniciativa solidaria, se invita a la ciudadan\u00eda a contribuir con <strong data-start=\"1232\" data-end=\"1323\">productos no perecederos, art\u00edculos de higiene personal y material de primeros auxilios<\/strong>, que ser\u00e1n entregados a los damnificados con el acompa\u00f1amiento del Sistema Municipal DIF y las \u00e1reas de Protecci\u00f3n Civil y Desarrollo Social.<\/p>\n<p style=\"text-align: justify;\" data-start=\"1469\" data-end=\"1687\">El centro de acopio se encuentra instalado en los <strong data-start=\"1519\" data-end=\"1572\">portales de la Presidencia Municipal de Zacatelco<\/strong>, donde personal del Ayuntamiento recibe los donativos en un horario de <strong data-start=\"1644\" data-end=\"1684\">9:00 de la ma\u00f1ana a 4:00 de la tarde<\/strong>.<\/p>\n<p style=\"text-align: justify;\" data-start=\"1689\" data-end=\"1947\">El alcalde <strong data-start=\"1700\" data-end=\"1727\">Jos\u00e9 Miguel Acatzi Luna<\/strong> destac\u00f3 que este tipo de acciones reflejan la <strong data-start=\"1774\" data-end=\"1808\">unidad y el esp\u00edritu solidario<\/strong> que caracteriza al pueblo zacatelquense, subrayando que \u201ccuando una comunidad hermana nos necesita, Zacatelco siempre extiende la mano\u201d.<\/p>\n<p style=\"text-align: justify;\" data-start=\"1949\" data-end=\"2175\">Asimismo, el Gobierno Municipal agradeci\u00f3 de antemano la participaci\u00f3n de las y los ciudadanos, recordando que <strong data-start=\"2060\" data-end=\"2173\">cada aportaci\u00f3n, por peque\u00f1a que parezca, representa esperanza para quienes hoy enfrentan momentos dif\u00edciles.<\/strong><\/p>\n<p style=\"text-align: justify;\" data-start=\"2177\" data-end=\"2376\">Con esta jornada de apoyo humanitario, Zacatelco reafirma su compromiso con los valores de empat\u00eda, colaboraci\u00f3n y ayuda mutua, demostrando una vez m\u00e1s que la fuerza del municipio est\u00e1 en su gente.<\/p>\n","protected":false},"excerpt":{"rendered":"<p>El Gobierno Municipal de Zacatelco, encabezado por el presidente Jos\u00e9 Miguel Acatzi Luna, lanz\u00f3 una campa\u00f1a de recolecci\u00f3n de v\u00edveres y art\u00edculos de primera necesidad en apoyo a las familias de Poza Rica, Veracruz, afectadas recientemente por las intensas lluvias. A trav\u00e9s de esta iniciativa solidaria, se invita a la ciudadan\u00eda a contribuir con productos [&hellip;]<\/p>\n","protected":false},"author":3,"featured_media":51690,"comment_status":"open","ping_status":"open","sticky":false,"template":"","format":"standard","meta":{"footnotes":""},"categories":[216,217],"tags":[],"class_list":["post-51689","post","type-post","status-publish","format-standard","has-post-thumbnail","hentry","category-municipios","category-zacatelco"],"amp_enabled":true,"_links":{"self":[{"href":"https:\/\/labestiapolitica.com.mx\/index.php?rest_route=\/wp\/v2\/posts\/51689","targetHints":{"allow":["GET"]}}],"collection":[{"href":"https:\/\/labestiapolitica.com.mx\/index.php?rest_route=\/wp\/v2\/posts"}],"about":[{"href":"https:\/\/labestiapolitica.com.mx\/index.php?rest_route=\/wp\/v2\/types\/post"}],"author":[{"embeddable":true,"href":"https:\/\/labestiapolitica.com.mx\/index.php?rest_route=\/wp\/v2\/users\/3"}],"replies":[{"embeddable":true,"href":"https:\/\/labestiapolitica.com.mx\/index.php?rest_route=%2Fwp%2Fv2%2Fcomments&post=51689"}],"version-history":[{"count":2,"href":"https:\/\/labestiapolitica.com.mx\/index.php?rest_route=\/wp\/v2\/posts\/51689\/revisions"}],"predecessor-version":[{"id":51692,"href":"https:\/\/labestiapolitica.com.mx\/index.php?rest_route=\/wp\/v2\/posts\/51689\/revisions\/51692"}],"wp:featuredmedia":[{"embeddable":true,"href":"https:\/\/labestiapolitica.com.mx\/index.php?rest_route=\/wp\/v2\/media\/51690"}],"wp:attachment":[{"href":"https:\/\/labestiapolitica.com.mx\/index.php?rest_route=%2Fwp%2Fv2%2Fmedia&parent=51689"}],"wp:term":[{"taxonomy":"category","embeddable":true,"href":"https:\/\/labestiapolitica.com.mx\/index.php?rest_route=%2Fwp%2Fv2%2Fcategories&post=51689"},{"taxonomy":"post_tag","embeddable":true,"href":"https:\/\/labestiapolitica.com.mx\/index.php?rest_route=%2Fwp%2Fv2%2Ftags&post=51689"}],"curies":[{"name":"wp","href":"https:\/\/api.w.org\/{rel}","templated":true}]}}