{"id":51693,"date":"2025-10-17T17:25:15","date_gmt":"2025-10-17T23:25:15","guid":{"rendered":"https:\/\/labestiapolitica.com.mx\/?p=51693"},"modified":"2025-10-17T17:25:15","modified_gmt":"2025-10-17T23:25:15","slug":"smdif-zacatelco-realiza-jornada-de-pruebas-rapidas-de-vih-en-coordinacion-con-capacits","status":"publish","type":"post","link":"https:\/\/labestiapolitica.com.mx\/?p=51693","title":{"rendered":"SMDIF Zacatelco realiza jornada de pruebas r\u00e1pidas de VIH en coordinaci\u00f3n con CAPACITS"},"content":{"rendered":"<p style=\"text-align: justify;\" data-start=\"777\" data-end=\"1193\">El Gobierno Municipal de Zacatelco, a trav\u00e9s del <strong data-start=\"826\" data-end=\"897\">Sistema Municipal para el Desarrollo Integral de la Familia (SMDIF)<\/strong>, en coordinaci\u00f3n con el <strong data-start=\"922\" data-end=\"1029\">Centro Ambulatorio para la Prevenci\u00f3n y Atenci\u00f3n en Sida e Infecciones de Transmisi\u00f3n Sexual (CAPACITS)<\/strong>, llev\u00f3 a cabo una jornada informativa y de <strong data-start=\"1073\" data-end=\"1112\">pruebas r\u00e1pidas de detecci\u00f3n de VIH<\/strong>, totalmente <strong data-start=\"1125\" data-end=\"1155\">gratuitas y confidenciales<\/strong>, frente a la presidencia municipal.<\/p>\n<p style=\"text-align: justify;\" data-start=\"1195\" data-end=\"1408\">El objetivo de esta actividad es <strong data-start=\"1228\" data-end=\"1306\">fomentar la prevenci\u00f3n, la detecci\u00f3n temprana y la conciencia sobre el VIH<\/strong>, adem\u00e1s de brindar informaci\u00f3n clara y accesible para eliminar estigmas en torno a la salud sexual.<\/p>\n<p style=\"text-align: justify;\" data-start=\"1410\" data-end=\"1639\">Durante la jornada, personal especializado del CAPACITS ofreci\u00f3 <strong data-start=\"1474\" data-end=\"1500\">asesor\u00eda personalizada<\/strong>, orientaci\u00f3n sobre el uso correcto del preservativo y materiales informativos para promover una <strong data-start=\"1597\" data-end=\"1636\">vida sexual saludable y responsable<\/strong>.<\/p>\n<p style=\"text-align: justify;\" data-start=\"1641\" data-end=\"1779\">La presidenta honor\u00edfica del SMDIF, <strong data-start=\"1677\" data-end=\"1703\">Natali Chamorro Garz\u00f3n<\/strong>, destac\u00f3 la importancia de acercar este tipo de servicios a la poblaci\u00f3n:<\/p>\n<blockquote data-start=\"1780\" data-end=\"1936\">\n<p data-start=\"1782\" data-end=\"1936\">\u201cLa salud es una prioridad. Estas acciones permiten detectar a tiempo y salvar vidas, pero tambi\u00e9n educar sobre la prevenci\u00f3n y el autocuidado\u201d, afirm\u00f3.<\/p>\n<\/blockquote>\n<p style=\"text-align: justify;\" data-start=\"1938\" data-end=\"2064\">Las pruebas se realizan de manera <strong data-start=\"1972\" data-end=\"2002\">r\u00e1pida, segura y sin costo<\/strong>, con resultados confidenciales entregados en pocos minutos.<\/p>\n<p style=\"text-align: justify;\" data-start=\"2066\" data-end=\"2257\">El Gobierno Municipal de Zacatelco reafirma su compromiso de seguir impulsando pol\u00edticas de salud p\u00fablica y campa\u00f1as preventivas que promuevan el bienestar integral de las y los ciudadanos.<\/p>\n","protected":false},"excerpt":{"rendered":"<p>El Gobierno Municipal de Zacatelco, a trav\u00e9s del Sistema Municipal para el Desarrollo Integral de la Familia (SMDIF), en coordinaci\u00f3n con el Centro Ambulatorio para la Prevenci\u00f3n y Atenci\u00f3n en Sida e Infecciones de Transmisi\u00f3n Sexual (CAPACITS), llev\u00f3 a cabo una jornada informativa y de pruebas r\u00e1pidas de detecci\u00f3n de VIH, totalmente gratuitas y confidenciales, [&hellip;]<\/p>\n","protected":false},"author":3,"featured_media":51694,"comment_status":"open","ping_status":"open","sticky":false,"template":"","format":"standard","meta":{"footnotes":""},"categories":[216,217],"tags":[],"class_list":["post-51693","post","type-post","status-publish","format-standard","has-post-thumbnail","hentry","category-municipios","category-zacatelco"],"amp_enabled":true,"_links":{"self":[{"href":"https:\/\/labestiapolitica.com.mx\/index.php?rest_route=\/wp\/v2\/posts\/51693","targetHints":{"allow":["GET"]}}],"collection":[{"href":"https:\/\/labestiapolitica.com.mx\/index.php?rest_route=\/wp\/v2\/posts"}],"about":[{"href":"https:\/\/labestiapolitica.com.mx\/index.php?rest_route=\/wp\/v2\/types\/post"}],"author":[{"embeddable":true,"href":"https:\/\/labestiapolitica.com.mx\/index.php?rest_route=\/wp\/v2\/users\/3"}],"replies":[{"embeddable":true,"href":"https:\/\/labestiapolitica.com.mx\/index.php?rest_route=%2Fwp%2Fv2%2Fcomments&post=51693"}],"version-history":[{"count":2,"href":"https:\/\/labestiapolitica.com.mx\/index.php?rest_route=\/wp\/v2\/posts\/51693\/revisions"}],"predecessor-version":[{"id":51696,"href":"https:\/\/labestiapolitica.com.mx\/index.php?rest_route=\/wp\/v2\/posts\/51693\/revisions\/51696"}],"wp:featuredmedia":[{"embeddable":true,"href":"https:\/\/labestiapolitica.com.mx\/index.php?rest_route=\/wp\/v2\/media\/51694"}],"wp:attachment":[{"href":"https:\/\/labestiapolitica.com.mx\/index.php?rest_route=%2Fwp%2Fv2%2Fmedia&parent=51693"}],"wp:term":[{"taxonomy":"category","embeddable":true,"href":"https:\/\/labestiapolitica.com.mx\/index.php?rest_route=%2Fwp%2Fv2%2Fcategories&post=51693"},{"taxonomy":"post_tag","embeddable":true,"href":"https:\/\/labestiapolitica.com.mx\/index.php?rest_route=%2Fwp%2Fv2%2Ftags&post=51693"}],"curies":[{"name":"wp","href":"https:\/\/api.w.org\/{rel}","templated":true}]}}