{"id":51701,"date":"2025-10-17T18:11:27","date_gmt":"2025-10-18T00:11:27","guid":{"rendered":"https:\/\/labestiapolitica.com.mx\/?p=51701"},"modified":"2025-10-17T18:11:27","modified_gmt":"2025-10-18T00:11:27","slug":"tlaltelulco-anfitrion-del-encuentro-regional-tengo-un-sueno-tlaxcala-2025-fiesta-de-las-culturas-comunitarias-mujer-corazon-de-mi-comunidad","status":"publish","type":"post","link":"https:\/\/labestiapolitica.com.mx\/?p=51701","title":{"rendered":"Tlaltelulco, anfitri\u00f3n del Encuentro Regional Tengo un Sue\u00f1o Tlaxcala 2025, Fiesta de las Culturas Comunitarias \u201cMujer: Coraz\u00f3n de mi Comunidad\u201d"},"content":{"rendered":"<p style=\"text-align: justify;\" data-start=\"1246\" data-end=\"1609\">El municipio de <strong data-start=\"1262\" data-end=\"1290\">La Magdalena Tlaltelulco<\/strong>, encabezado por la presidenta municipal <strong data-start=\"1331\" data-end=\"1354\">Lic. Roc\u00edo Mel\u00e9ndez<\/strong>, fue sede del <strong data-start=\"1369\" data-end=\"1420\">Encuentro Regional Tengo un Sue\u00f1o Tlaxcala 2025<\/strong>, Fiesta de las Culturas Comunitarias titulada <em data-start=\"1467\" data-end=\"1501\">\u201cMujer: Coraz\u00f3n de mi Comunidad\u201d<\/em>, un evento que celebr\u00f3 el arte, la creatividad y la identidad de las infancias y juventudes tlaxcaltecas.<\/p>\n<p style=\"text-align: justify;\" data-start=\"1611\" data-end=\"1963\">La actividad se llev\u00f3 a cabo en el <strong data-start=\"1646\" data-end=\"1684\">Auditorio Municipal de Tlaltelulco<\/strong>, donde se dieron cita autoridades culturales, docentes, artistas y familias que acudieron a presenciar la exposici\u00f3n de <strong data-start=\"1805\" data-end=\"1850\">artes visuales y presentaciones esc\u00e9nicas<\/strong> de los <strong data-start=\"1858\" data-end=\"1882\">Semilleros Creativos<\/strong> provenientes de <strong data-start=\"1899\" data-end=\"1960\">Tenancingo, Acuamanala, San Pablo del Monte y Tlaltelulco<\/strong>.<\/p>\n<p style=\"text-align: justify;\" data-start=\"1965\" data-end=\"2274\">Durante el evento, las y los asistentes pudieron apreciar obras de <strong data-start=\"2032\" data-end=\"2108\">dibujo, pintura, fotograf\u00eda con procesos antiguos, art\u00edculos artesanales<\/strong>, as\u00ed como una emotiva representaci\u00f3n teatral titulada <em data-start=\"2163\" data-end=\"2198\">\u201cMalintzi, entre voces y sombras\u201d<\/em>, interpretada por ni\u00f1as, ni\u00f1os y adolescentes participantes del programa.<\/p>\n<p style=\"text-align: justify;\" data-start=\"2276\" data-end=\"2465\">En su intervenci\u00f3n, la presidenta <strong data-start=\"2310\" data-end=\"2328\">Roc\u00edo Mel\u00e9ndez<\/strong> destac\u00f3 la relevancia de estas iniciativas que impulsan el talento local y fortalecen el tejido social a trav\u00e9s del arte y la cultura.<\/p>\n<blockquote data-start=\"2466\" data-end=\"2624\">\n<p data-start=\"2468\" data-end=\"2624\">\u201cNuestra ni\u00f1ez y juventud son el coraz\u00f3n de nuestras comunidades. A trav\u00e9s del arte, les damos voz, identidad y un espacio para so\u00f1ar en grande\u201d, expres\u00f3.<\/p>\n<\/blockquote>\n<p style=\"text-align: justify;\" data-start=\"2626\" data-end=\"2836\">Con este encuentro, Tlaltelulco reafirma su compromiso de seguir siendo un municipio que impulsa la creatividad, la educaci\u00f3n art\u00edstica y el reconocimiento de la mujer como eje central en la vida comunitaria.<\/p>\n","protected":false},"excerpt":{"rendered":"<p>El municipio de La Magdalena Tlaltelulco, encabezado por la presidenta municipal Lic. Roc\u00edo Mel\u00e9ndez, fue sede del Encuentro Regional Tengo un Sue\u00f1o Tlaxcala 2025, Fiesta de las Culturas Comunitarias titulada \u201cMujer: Coraz\u00f3n de mi Comunidad\u201d, un evento que celebr\u00f3 el arte, la creatividad y la identidad de las infancias y juventudes tlaxcaltecas. La actividad se [&hellip;]<\/p>\n","protected":false},"author":3,"featured_media":51702,"comment_status":"open","ping_status":"open","sticky":false,"template":"","format":"standard","meta":{"footnotes":""},"categories":[218,216],"tags":[],"class_list":["post-51701","post","type-post","status-publish","format-standard","has-post-thumbnail","hentry","category-la-magdalena-tlaltelulco","category-municipios"],"amp_enabled":true,"_links":{"self":[{"href":"https:\/\/labestiapolitica.com.mx\/index.php?rest_route=\/wp\/v2\/posts\/51701","targetHints":{"allow":["GET"]}}],"collection":[{"href":"https:\/\/labestiapolitica.com.mx\/index.php?rest_route=\/wp\/v2\/posts"}],"about":[{"href":"https:\/\/labestiapolitica.com.mx\/index.php?rest_route=\/wp\/v2\/types\/post"}],"author":[{"embeddable":true,"href":"https:\/\/labestiapolitica.com.mx\/index.php?rest_route=\/wp\/v2\/users\/3"}],"replies":[{"embeddable":true,"href":"https:\/\/labestiapolitica.com.mx\/index.php?rest_route=%2Fwp%2Fv2%2Fcomments&post=51701"}],"version-history":[{"count":2,"href":"https:\/\/labestiapolitica.com.mx\/index.php?rest_route=\/wp\/v2\/posts\/51701\/revisions"}],"predecessor-version":[{"id":51704,"href":"https:\/\/labestiapolitica.com.mx\/index.php?rest_route=\/wp\/v2\/posts\/51701\/revisions\/51704"}],"wp:featuredmedia":[{"embeddable":true,"href":"https:\/\/labestiapolitica.com.mx\/index.php?rest_route=\/wp\/v2\/media\/51702"}],"wp:attachment":[{"href":"https:\/\/labestiapolitica.com.mx\/index.php?rest_route=%2Fwp%2Fv2%2Fmedia&parent=51701"}],"wp:term":[{"taxonomy":"category","embeddable":true,"href":"https:\/\/labestiapolitica.com.mx\/index.php?rest_route=%2Fwp%2Fv2%2Fcategories&post=51701"},{"taxonomy":"post_tag","embeddable":true,"href":"https:\/\/labestiapolitica.com.mx\/index.php?rest_route=%2Fwp%2Fv2%2Ftags&post=51701"}],"curies":[{"name":"wp","href":"https:\/\/api.w.org\/{rel}","templated":true}]}}