{"id":51705,"date":"2025-10-17T18:26:06","date_gmt":"2025-10-18T00:26:06","guid":{"rendered":"https:\/\/labestiapolitica.com.mx\/?p=51705"},"modified":"2025-10-17T18:26:06","modified_gmt":"2025-10-18T00:26:06","slug":"recupera-la-direccion-de-seguridad-publica-municipal-de-la-magdalena-tlaltelulco-vehiculo-con-reporte-de-robo","status":"publish","type":"post","link":"https:\/\/labestiapolitica.com.mx\/?p=51705","title":{"rendered":"Recupera la Direcci\u00f3n de Seguridad P\u00fablica Municipal de La Magdalena Tlaltelulco veh\u00edculo con reporte de robo"},"content":{"rendered":"<p style=\"text-align: justify;\" data-start=\"1144\" data-end=\"1427\">Elementos de la <strong data-start=\"1160\" data-end=\"1232\">Direcci\u00f3n de Seguridad P\u00fablica Municipal de La Magdalena Tlaltelulco<\/strong>, bajo la coordinaci\u00f3n del Gobierno que preside la <strong data-start=\"1283\" data-end=\"1306\">Lic. Roc\u00edo Mel\u00e9ndez<\/strong>, lograron la <strong data-start=\"1320\" data-end=\"1371\">recuperaci\u00f3n de un veh\u00edculo con reporte de robo<\/strong>, gracias a la pronta atenci\u00f3n a un reporte ciudadano.<\/p>\n<p style=\"text-align: justify;\" data-start=\"1429\" data-end=\"1664\">El hecho ocurri\u00f3 alrededor de las <strong data-start=\"1463\" data-end=\"1478\">14:00 horas<\/strong>, cuando vecinos informaron sobre una <strong data-start=\"1516\" data-end=\"1555\">camioneta de color negro abandonada<\/strong> en un terreno bald\u00edo, ubicado entre <strong data-start=\"1592\" data-end=\"1661\">Calle Camino Real y Calle Ferrocarril del Barrio de Tecpa Morales<\/strong>.<\/p>\n<p style=\"text-align: justify;\" data-start=\"1666\" data-end=\"1946\">De inmediato, los elementos de seguridad se trasladaron al lugar y confirmaron la presencia de la unidad. Tras realizar la consulta correspondiente en la <strong data-start=\"1820\" data-end=\"1874\">plataforma del Registro P\u00fablico Vehicular (REPUVE)<\/strong>, se verific\u00f3 que el veh\u00edculo contaba con <strong data-start=\"1916\" data-end=\"1943\">reporte de robo vigente<\/strong>.<\/p>\n<p style=\"text-align: justify;\" data-start=\"1948\" data-end=\"2170\">Asimismo, se corrobor\u00f3 que exist\u00eda una <strong data-start=\"1987\" data-end=\"2010\">denuncia ante el C5<\/strong>, en la que se reportaba el robo de una camioneta <strong data-start=\"2060\" data-end=\"2109\">Chevrolet tipo S-10, modelo 1994, color negro<\/strong>, sustra\u00edda en el municipio de <strong data-start=\"2140\" data-end=\"2167\">Santa Isabel Xiloxoxtla<\/strong>.<\/p>\n<p style=\"text-align: justify;\" data-start=\"2172\" data-end=\"2458\">Gracias a la <strong data-start=\"2185\" data-end=\"2216\">coordinaci\u00f3n intermunicipal<\/strong>, los elementos de Seguridad P\u00fablica lograron localizar y contactar al propietario del veh\u00edculo, quien se identific\u00f3 mediante <strong data-start=\"2342\" data-end=\"2364\">credencial del INE<\/strong> y present\u00f3 la documentaci\u00f3n original que acreditaba la <strong data-start=\"2420\" data-end=\"2455\">leg\u00edtima propiedad de la unidad<\/strong>.<\/p>\n<p style=\"text-align: justify;\" data-start=\"2460\" data-end=\"2664\">Con el objetivo de <strong data-start=\"2479\" data-end=\"2508\">evitar la revictimizaci\u00f3n<\/strong>, las autoridades procedieron a realizar la <strong data-start=\"2552\" data-end=\"2586\">entrega inmediata del veh\u00edculo<\/strong> al propietario, cumpliendo con los protocolos de legalidad y transparencia.<\/p>\n<p style=\"text-align: justify;\" data-start=\"2666\" data-end=\"2907\">El Gobierno Municipal de La Magdalena Tlaltelulco refrenda su <strong data-start=\"2728\" data-end=\"2769\">compromiso con la seguridad ciudadana<\/strong> y destaca la importancia de la <strong data-start=\"2801\" data-end=\"2848\">colaboraci\u00f3n entre ciudadan\u00eda y autoridades<\/strong> para mantener un entorno seguro y ordenado en la regi\u00f3n.<\/p>\n","protected":false},"excerpt":{"rendered":"<p>Elementos de la Direcci\u00f3n de Seguridad P\u00fablica Municipal de La Magdalena Tlaltelulco, bajo la coordinaci\u00f3n del Gobierno que preside la Lic. Roc\u00edo Mel\u00e9ndez, lograron la recuperaci\u00f3n de un veh\u00edculo con reporte de robo, gracias a la pronta atenci\u00f3n a un reporte ciudadano. El hecho ocurri\u00f3 alrededor de las 14:00 horas, cuando vecinos informaron sobre una [&hellip;]<\/p>\n","protected":false},"author":3,"featured_media":51706,"comment_status":"open","ping_status":"open","sticky":false,"template":"","format":"standard","meta":{"footnotes":""},"categories":[218,216],"tags":[],"class_list":["post-51705","post","type-post","status-publish","format-standard","has-post-thumbnail","hentry","category-la-magdalena-tlaltelulco","category-municipios"],"amp_enabled":true,"_links":{"self":[{"href":"https:\/\/labestiapolitica.com.mx\/index.php?rest_route=\/wp\/v2\/posts\/51705","targetHints":{"allow":["GET"]}}],"collection":[{"href":"https:\/\/labestiapolitica.com.mx\/index.php?rest_route=\/wp\/v2\/posts"}],"about":[{"href":"https:\/\/labestiapolitica.com.mx\/index.php?rest_route=\/wp\/v2\/types\/post"}],"author":[{"embeddable":true,"href":"https:\/\/labestiapolitica.com.mx\/index.php?rest_route=\/wp\/v2\/users\/3"}],"replies":[{"embeddable":true,"href":"https:\/\/labestiapolitica.com.mx\/index.php?rest_route=%2Fwp%2Fv2%2Fcomments&post=51705"}],"version-history":[{"count":2,"href":"https:\/\/labestiapolitica.com.mx\/index.php?rest_route=\/wp\/v2\/posts\/51705\/revisions"}],"predecessor-version":[{"id":51708,"href":"https:\/\/labestiapolitica.com.mx\/index.php?rest_route=\/wp\/v2\/posts\/51705\/revisions\/51708"}],"wp:featuredmedia":[{"embeddable":true,"href":"https:\/\/labestiapolitica.com.mx\/index.php?rest_route=\/wp\/v2\/media\/51706"}],"wp:attachment":[{"href":"https:\/\/labestiapolitica.com.mx\/index.php?rest_route=%2Fwp%2Fv2%2Fmedia&parent=51705"}],"wp:term":[{"taxonomy":"category","embeddable":true,"href":"https:\/\/labestiapolitica.com.mx\/index.php?rest_route=%2Fwp%2Fv2%2Fcategories&post=51705"},{"taxonomy":"post_tag","embeddable":true,"href":"https:\/\/labestiapolitica.com.mx\/index.php?rest_route=%2Fwp%2Fv2%2Ftags&post=51705"}],"curies":[{"name":"wp","href":"https:\/\/api.w.org\/{rel}","templated":true}]}}