{"id":51719,"date":"2025-10-17T18:45:37","date_gmt":"2025-10-18T00:45:37","guid":{"rendered":"https:\/\/labestiapolitica.com.mx\/?p=51719"},"modified":"2025-10-17T18:45:37","modified_gmt":"2025-10-18T00:45:37","slug":"texoloc-refuerza-el-mantenimiento-del-alumbrado-publico-en-todos-los-barrios-del-municipio","status":"publish","type":"post","link":"https:\/\/labestiapolitica.com.mx\/?p=51719","title":{"rendered":"Tex\u00f3loc refuerza el mantenimiento del alumbrado p\u00fablico en todos los barrios del municipio"},"content":{"rendered":"<p style=\"text-align: justify;\" data-start=\"845\" data-end=\"1141\">Con el objetivo de fortalecer la seguridad y mejorar la calidad de los servicios p\u00fablicos, el Gobierno Municipal de <strong data-start=\"961\" data-end=\"983\">San Dami\u00e1n Tex\u00f3loc<\/strong> contin\u00faa llevando a cabo acciones de <strong data-start=\"1021\" data-end=\"1101\">mantenimiento, instalaci\u00f3n y rehabilitaci\u00f3n del sistema de alumbrado p\u00fablico<\/strong> en las distintas zonas del municipio.<\/p>\n<p style=\"text-align: justify;\" data-start=\"1143\" data-end=\"1438\">A trav\u00e9s de la <strong data-start=\"1158\" data-end=\"1196\">Direcci\u00f3n de Servicios Municipales<\/strong>, se realiza una supervisi\u00f3n constante del funcionamiento de las l\u00e1mparas, as\u00ed como la <strong data-start=\"1283\" data-end=\"1331\">atenci\u00f3n inmediata a los reportes ciudadanos<\/strong>, con el prop\u00f3sito de garantizar que cada comunidad cuente con calles iluminadas, seguras y transitables.<\/p>\n<p style=\"text-align: justify;\" data-start=\"1440\" data-end=\"1627\">La administraci\u00f3n municipal destac\u00f3 que estos trabajos son parte del compromiso por <strong data-start=\"1524\" data-end=\"1569\">ofrecer servicios eficientes y de calidad<\/strong>, priorizando el bienestar de las familias texolquenses.<\/p>\n<p style=\"text-align: justify;\" data-start=\"1629\" data-end=\"1885\">De igual forma, se invit\u00f3 a la ciudadan\u00eda a <strong data-start=\"1673\" data-end=\"1715\">reportar cualquier falla o desperfecto<\/strong> en el alumbrado p\u00fablico al n\u00famero <strong data-start=\"1750\" data-end=\"1766\">246 176 5686<\/strong>, con el fin de atender oportunamente las incidencias y mantener en \u00f3ptimas condiciones la infraestructura el\u00e9ctrica.<\/p>\n<p style=\"text-align: justify;\" data-start=\"1887\" data-end=\"2076\">Con estas acciones, el Gobierno de Tex\u00f3loc reafirma su compromiso con la mejora continua de los servicios p\u00fablicos y con la construcci\u00f3n de un municipio m\u00e1s iluminado y seguro para todos.<\/p>\n<p style=\"text-align: justify;\" data-start=\"2078\" data-end=\"2168\" data-is-last-node=\"\" data-is-only-node=\"\">#Tex\u00f3locPorLosServicios<br data-start=\"2101\" data-end=\"2104\" \/>#GobiernoDeLaGente<br data-start=\"2122\" data-end=\"2125\" \/>#LaBestiaPoliticaTexoloc<br data-start=\"2149\" data-end=\"2152\" \/>@GobiernoTexoloc<\/p>\n","protected":false},"excerpt":{"rendered":"<p>Con el objetivo de fortalecer la seguridad y mejorar la calidad de los servicios p\u00fablicos, el Gobierno Municipal de San Dami\u00e1n Tex\u00f3loc contin\u00faa llevando a cabo acciones de mantenimiento, instalaci\u00f3n y rehabilitaci\u00f3n del sistema de alumbrado p\u00fablico en las distintas zonas del municipio. A trav\u00e9s de la Direcci\u00f3n de Servicios Municipales, se realiza una supervisi\u00f3n [&hellip;]<\/p>\n","protected":false},"author":3,"featured_media":51720,"comment_status":"open","ping_status":"open","sticky":false,"template":"","format":"standard","meta":{"footnotes":""},"categories":[216,242],"tags":[],"class_list":["post-51719","post","type-post","status-publish","format-standard","has-post-thumbnail","hentry","category-municipios","category-texoloc"],"amp_enabled":true,"_links":{"self":[{"href":"https:\/\/labestiapolitica.com.mx\/index.php?rest_route=\/wp\/v2\/posts\/51719","targetHints":{"allow":["GET"]}}],"collection":[{"href":"https:\/\/labestiapolitica.com.mx\/index.php?rest_route=\/wp\/v2\/posts"}],"about":[{"href":"https:\/\/labestiapolitica.com.mx\/index.php?rest_route=\/wp\/v2\/types\/post"}],"author":[{"embeddable":true,"href":"https:\/\/labestiapolitica.com.mx\/index.php?rest_route=\/wp\/v2\/users\/3"}],"replies":[{"embeddable":true,"href":"https:\/\/labestiapolitica.com.mx\/index.php?rest_route=%2Fwp%2Fv2%2Fcomments&post=51719"}],"version-history":[{"count":1,"href":"https:\/\/labestiapolitica.com.mx\/index.php?rest_route=\/wp\/v2\/posts\/51719\/revisions"}],"predecessor-version":[{"id":51721,"href":"https:\/\/labestiapolitica.com.mx\/index.php?rest_route=\/wp\/v2\/posts\/51719\/revisions\/51721"}],"wp:featuredmedia":[{"embeddable":true,"href":"https:\/\/labestiapolitica.com.mx\/index.php?rest_route=\/wp\/v2\/media\/51720"}],"wp:attachment":[{"href":"https:\/\/labestiapolitica.com.mx\/index.php?rest_route=%2Fwp%2Fv2%2Fmedia&parent=51719"}],"wp:term":[{"taxonomy":"category","embeddable":true,"href":"https:\/\/labestiapolitica.com.mx\/index.php?rest_route=%2Fwp%2Fv2%2Fcategories&post=51719"},{"taxonomy":"post_tag","embeddable":true,"href":"https:\/\/labestiapolitica.com.mx\/index.php?rest_route=%2Fwp%2Fv2%2Ftags&post=51719"}],"curies":[{"name":"wp","href":"https:\/\/api.w.org\/{rel}","templated":true}]}}