{"id":51722,"date":"2025-10-17T18:52:32","date_gmt":"2025-10-18T00:52:32","guid":{"rendered":"https:\/\/labestiapolitica.com.mx\/?p=51722"},"modified":"2025-10-17T18:52:32","modified_gmt":"2025-10-18T00:52:32","slug":"tlaltelulco-conmemora-el-aniversario-del-voto-femenino-en-mexico-con-actividad-civica-en-escuela-primaria","status":"publish","type":"post","link":"https:\/\/labestiapolitica.com.mx\/?p=51722","title":{"rendered":"Tlaltelulco conmemora el Aniversario del Voto Femenino en M\u00e9xico con actividad c\u00edvica en escuela primaria"},"content":{"rendered":"<p style=\"text-align: justify;\" data-start=\"358\" data-end=\"811\">En el marco de la conmemoraci\u00f3n del <strong data-start=\"394\" data-end=\"437\">Aniversario del Voto Femenino en M\u00e9xico<\/strong>, el <strong data-start=\"442\" data-end=\"492\">Gobierno Municipal de La Magdalena Tlaltelulco<\/strong>, encabezado por la <strong data-start=\"512\" data-end=\"535\">Lic. Roc\u00edo Mel\u00e9ndez<\/strong>, en coordinaci\u00f3n con el <strong data-start=\"560\" data-end=\"605\">Instituto Tlaxcalteca de Elecciones (ITE)<\/strong> y la <strong data-start=\"611\" data-end=\"657\">Direcci\u00f3n de Atenci\u00f3n a la Mujer Municipal<\/strong>, llev\u00f3 a cabo una jornada c\u00edvica con alumnas y alumnos de la <strong data-start=\"719\" data-end=\"764\">Escuela Primaria Ind\u00edgena Netzahualc\u00f3yotl<\/strong>, ubicada en la comunidad de <strong data-start=\"793\" data-end=\"808\">Tecpa Pluma<\/strong>.<\/p>\n<p style=\"text-align: justify;\" data-start=\"813\" data-end=\"1076\">Durante la actividad, las y los estudiantes de sexto grado participaron en un <strong data-start=\"891\" data-end=\"946\">ejercicio democr\u00e1tico de elecci\u00f3n de jefes de grupo<\/strong>, con el prop\u00f3sito de fomentar desde la ni\u00f1ez el valor del voto, la responsabilidad ciudadana y la igualdad en la participaci\u00f3n.<\/p>\n<p style=\"text-align: justify;\" data-start=\"1078\" data-end=\"1341\">La jornada permiti\u00f3 que las ni\u00f1as y los ni\u00f1os comprendieran de forma pr\u00e1ctica c\u00f3mo se desarrolla un proceso electoral, desde la instalaci\u00f3n de urnas hasta el conteo de votos, promoviendo con ello una cultura de participaci\u00f3n y respeto por la decisi\u00f3n colectiva.<\/p>\n<p style=\"text-align: justify;\" data-start=\"1343\" data-end=\"1633\">Autoridades municipales destacaron la importancia de este tipo de actividades, que fortalecen los valores c\u00edvicos y el sentido de comunidad. Asimismo, reconocieron al Instituto Tlaxcalteca de Elecciones por su acompa\u00f1amiento en la promoci\u00f3n del derecho al voto y la educaci\u00f3n democr\u00e1tica.<\/p>\n<p style=\"text-align: justify;\" data-start=\"1635\" data-end=\"1892\">El Gobierno Municipal de La Magdalena Tlaltelulco reafirma su compromiso con la formaci\u00f3n ciudadana, la igualdad de g\u00e9nero y el impulso de espacios educativos que inspiren a las nuevas generaciones a participar activamente en la vida democr\u00e1tica del pa\u00eds.<\/p>\n","protected":false},"excerpt":{"rendered":"<p>En el marco de la conmemoraci\u00f3n del Aniversario del Voto Femenino en M\u00e9xico, el Gobierno Municipal de La Magdalena Tlaltelulco, encabezado por la Lic. Roc\u00edo Mel\u00e9ndez, en coordinaci\u00f3n con el Instituto Tlaxcalteca de Elecciones (ITE) y la Direcci\u00f3n de Atenci\u00f3n a la Mujer Municipal, llev\u00f3 a cabo una jornada c\u00edvica con alumnas y alumnos de [&hellip;]<\/p>\n","protected":false},"author":3,"featured_media":51723,"comment_status":"open","ping_status":"open","sticky":false,"template":"","format":"standard","meta":{"footnotes":""},"categories":[218,216],"tags":[],"class_list":["post-51722","post","type-post","status-publish","format-standard","has-post-thumbnail","hentry","category-la-magdalena-tlaltelulco","category-municipios"],"amp_enabled":true,"_links":{"self":[{"href":"https:\/\/labestiapolitica.com.mx\/index.php?rest_route=\/wp\/v2\/posts\/51722","targetHints":{"allow":["GET"]}}],"collection":[{"href":"https:\/\/labestiapolitica.com.mx\/index.php?rest_route=\/wp\/v2\/posts"}],"about":[{"href":"https:\/\/labestiapolitica.com.mx\/index.php?rest_route=\/wp\/v2\/types\/post"}],"author":[{"embeddable":true,"href":"https:\/\/labestiapolitica.com.mx\/index.php?rest_route=\/wp\/v2\/users\/3"}],"replies":[{"embeddable":true,"href":"https:\/\/labestiapolitica.com.mx\/index.php?rest_route=%2Fwp%2Fv2%2Fcomments&post=51722"}],"version-history":[{"count":2,"href":"https:\/\/labestiapolitica.com.mx\/index.php?rest_route=\/wp\/v2\/posts\/51722\/revisions"}],"predecessor-version":[{"id":51725,"href":"https:\/\/labestiapolitica.com.mx\/index.php?rest_route=\/wp\/v2\/posts\/51722\/revisions\/51725"}],"wp:featuredmedia":[{"embeddable":true,"href":"https:\/\/labestiapolitica.com.mx\/index.php?rest_route=\/wp\/v2\/media\/51723"}],"wp:attachment":[{"href":"https:\/\/labestiapolitica.com.mx\/index.php?rest_route=%2Fwp%2Fv2%2Fmedia&parent=51722"}],"wp:term":[{"taxonomy":"category","embeddable":true,"href":"https:\/\/labestiapolitica.com.mx\/index.php?rest_route=%2Fwp%2Fv2%2Fcategories&post=51722"},{"taxonomy":"post_tag","embeddable":true,"href":"https:\/\/labestiapolitica.com.mx\/index.php?rest_route=%2Fwp%2Fv2%2Ftags&post=51722"}],"curies":[{"name":"wp","href":"https:\/\/api.w.org\/{rel}","templated":true}]}}