{"id":51726,"date":"2025-10-17T18:56:20","date_gmt":"2025-10-18T00:56:20","guid":{"rendered":"https:\/\/labestiapolitica.com.mx\/?p=51726"},"modified":"2025-10-17T18:56:20","modified_gmt":"2025-10-18T00:56:20","slug":"texoloc-avanza-con-la-pavimentacion-de-la-calle-2-de-noviembre-bajo-el-programa-peso-a-peso","status":"publish","type":"post","link":"https:\/\/labestiapolitica.com.mx\/?p=51726","title":{"rendered":"Tex\u00f3loc avanza con la pavimentaci\u00f3n de la calle 2 de Noviembre bajo el programa \u201cPeso a Peso\u201d"},"content":{"rendered":"<p style=\"text-align: justify;\" data-start=\"1201\" data-end=\"1443\">El Gobierno Municipal de <strong data-start=\"1226\" data-end=\"1248\">San Dami\u00e1n Tex\u00f3loc<\/strong> contin\u00faa fortaleciendo las acciones en materia de infraestructura urbana, con el objetivo de mejorar la calidad de vida de las familias texolquenses y garantizar calles en mejores condiciones.<\/p>\n<p style=\"text-align: justify;\" data-start=\"1445\" data-end=\"1699\">Actualmente se registran avances importantes en la <strong data-start=\"1496\" data-end=\"1571\">obra de construcci\u00f3n de pavimento de adoqu\u00edn en la calle 2 de Noviembre<\/strong>, la cual contempla una meta de <strong data-start=\"1603\" data-end=\"1633\">2 mil 793 metros cuadrados<\/strong>, beneficiando directamente a las y los habitantes de esta zona.<\/p>\n<p style=\"text-align: justify;\" data-start=\"1701\" data-end=\"1887\">Adem\u00e1s, la obra incluye la <strong data-start=\"1728\" data-end=\"1785\">reparaci\u00f3n de tomas y descargas sanitarias existentes<\/strong>, lo que permitir\u00e1 optimizar los servicios b\u00e1sicos y brindar mayor funcionalidad a la red sanitaria.<\/p>\n<p style=\"text-align: justify;\" data-start=\"1889\" data-end=\"2171\">Esta acci\u00f3n se lleva a cabo gracias a la <strong data-start=\"1930\" data-end=\"2027\">coordinaci\u00f3n entre el Gobierno del Estado de Tlaxcala y el Ayuntamiento de San Dami\u00e1n Tex\u00f3loc<\/strong>, dentro del programa <strong data-start=\"2049\" data-end=\"2066\">\u201cPeso a Peso\u201d<\/strong>, que impulsa obras de impacto social a trav\u00e9s del trabajo conjunto entre los tres niveles de gobierno.<\/p>\n<p style=\"text-align: justify;\" data-start=\"2173\" data-end=\"2368\">El Ayuntamiento subray\u00f3 que esta pavimentaci\u00f3n representa una <strong data-start=\"2235\" data-end=\"2272\">respuesta a una demanda hist\u00f3rica<\/strong> de las y los vecinos, quienes por d\u00e9cadas hab\u00edan solicitado la intervenci\u00f3n de esta vialidad.<\/p>\n<p style=\"text-align: justify;\" data-start=\"2370\" data-end=\"2555\">Con ello, <strong data-start=\"2380\" data-end=\"2469\">Tex\u00f3loc reafirma su compromiso con el desarrollo y el bienestar de todas las familias<\/strong>, apostando por infraestructura de calidad que contribuya al progreso del municipio.<\/p>\n<p style=\"text-align: justify;\" data-start=\"2557\" data-end=\"2692\" data-is-last-node=\"\" data-is-only-node=\"\">#Tex\u00f3locPorElBienestar<br data-start=\"2579\" data-end=\"2582\" \/>#GobiernoDeLaGente<br data-start=\"2600\" data-end=\"2603\" \/>#LaBestiaPoliticaTexoloc<br data-start=\"2627\" data-end=\"2630\" \/>@Texoloc Gobierno Municipal 2024-2027<br data-start=\"2667\" data-end=\"2670\" \/>@david.sanchezrincon.1<\/p>\n","protected":false},"excerpt":{"rendered":"<p>El Gobierno Municipal de San Dami\u00e1n Tex\u00f3loc contin\u00faa fortaleciendo las acciones en materia de infraestructura urbana, con el objetivo de mejorar la calidad de vida de las familias texolquenses y garantizar calles en mejores condiciones. Actualmente se registran avances importantes en la obra de construcci\u00f3n de pavimento de adoqu\u00edn en la calle 2 de Noviembre, [&hellip;]<\/p>\n","protected":false},"author":3,"featured_media":51727,"comment_status":"open","ping_status":"open","sticky":false,"template":"","format":"standard","meta":{"footnotes":""},"categories":[216,242],"tags":[],"class_list":["post-51726","post","type-post","status-publish","format-standard","has-post-thumbnail","hentry","category-municipios","category-texoloc"],"amp_enabled":true,"_links":{"self":[{"href":"https:\/\/labestiapolitica.com.mx\/index.php?rest_route=\/wp\/v2\/posts\/51726","targetHints":{"allow":["GET"]}}],"collection":[{"href":"https:\/\/labestiapolitica.com.mx\/index.php?rest_route=\/wp\/v2\/posts"}],"about":[{"href":"https:\/\/labestiapolitica.com.mx\/index.php?rest_route=\/wp\/v2\/types\/post"}],"author":[{"embeddable":true,"href":"https:\/\/labestiapolitica.com.mx\/index.php?rest_route=\/wp\/v2\/users\/3"}],"replies":[{"embeddable":true,"href":"https:\/\/labestiapolitica.com.mx\/index.php?rest_route=%2Fwp%2Fv2%2Fcomments&post=51726"}],"version-history":[{"count":1,"href":"https:\/\/labestiapolitica.com.mx\/index.php?rest_route=\/wp\/v2\/posts\/51726\/revisions"}],"predecessor-version":[{"id":51728,"href":"https:\/\/labestiapolitica.com.mx\/index.php?rest_route=\/wp\/v2\/posts\/51726\/revisions\/51728"}],"wp:featuredmedia":[{"embeddable":true,"href":"https:\/\/labestiapolitica.com.mx\/index.php?rest_route=\/wp\/v2\/media\/51727"}],"wp:attachment":[{"href":"https:\/\/labestiapolitica.com.mx\/index.php?rest_route=%2Fwp%2Fv2%2Fmedia&parent=51726"}],"wp:term":[{"taxonomy":"category","embeddable":true,"href":"https:\/\/labestiapolitica.com.mx\/index.php?rest_route=%2Fwp%2Fv2%2Fcategories&post=51726"},{"taxonomy":"post_tag","embeddable":true,"href":"https:\/\/labestiapolitica.com.mx\/index.php?rest_route=%2Fwp%2Fv2%2Ftags&post=51726"}],"curies":[{"name":"wp","href":"https:\/\/api.w.org\/{rel}","templated":true}]}}