{"id":51741,"date":"2025-10-20T10:42:46","date_gmt":"2025-10-20T16:42:46","guid":{"rendered":"https:\/\/labestiapolitica.com.mx\/?p=51741"},"modified":"2025-10-20T10:46:23","modified_gmt":"2025-10-20T16:46:23","slug":"%f0%9f%9a%a8-denuncia-gregorio-cervantes-intento-de-secuestro-contra-su-hijo-y-persecucion-a-su-equipo-de-trabajo","status":"publish","type":"post","link":"https:\/\/labestiapolitica.com.mx\/?p=51741","title":{"rendered":"\ud83d\udea8 Denuncia Gregorio Cervantes intento de secuestro contra su hijo y persecuci\u00f3n a su equipo de trabajo"},"content":{"rendered":"<p style=\"text-align: justify;\" data-start=\"113\" data-end=\"421\">El acad\u00e9mico y pol\u00edtico Gregorio Cervantes D\u00edaz denunci\u00f3 p\u00fablicamente que, tras la campa\u00f1a de desprestigio emprendida en su contra, integrantes de su equipo y un familiar directo han sido v\u00edctimas de actos de intimidaci\u00f3n y violencia, incluyendo un intento de secuestro contra uno de sus hijos.<\/p>\n<p style=\"text-align: justify;\" data-start=\"423\" data-end=\"753\">Durante una conferencia de prensa, el tambi\u00e9n ex diputado local relat\u00f3 que el hecho ocurri\u00f3 cuando una persona desconocida acudi\u00f3 a la escuela privada \u2014fundada por su extinto padre\u2014 para preguntar por su hijo. Afortunadamente, la madre del menor lleg\u00f3 minutos antes al lugar, evitando que se concretara el posible secuestro.<\/p>\n<blockquote data-start=\"755\" data-end=\"1043\">\n<p data-start=\"757\" data-end=\"1043\">\u201cFue una persona desconocida a la escuela por \u00e9l, y si su mam\u00e1 no hubiera pasado tres autos antes, no sabr\u00edamos qu\u00e9 habr\u00eda sucedido. Ya hicimos la denuncia ante la Fiscal\u00eda y estamos recibiendo protecci\u00f3n, pero esperamos que el Estado tome cartas en el asunto\u201d, se\u00f1al\u00f3 Cervantes D\u00edaz.<\/p>\n<\/blockquote>\n<p style=\"text-align: justify;\" data-start=\"1045\" data-end=\"1274\">El pol\u00edtico confirm\u00f3 que el caso fue denunciado ante la Fiscal\u00eda General de Justicia del Estado (FGJE), aunque expres\u00f3 su preocupaci\u00f3n por la falta de avances en la investigaci\u00f3n y el riesgo que enfrenta su familia.<\/p>\n<p style=\"text-align: justify;\" data-start=\"1276\" data-end=\"1501\">Asimismo, lament\u00f3 que estos ataques se presenten luego de su reincorporaci\u00f3n a la vida p\u00fablica y pol\u00edtica a trav\u00e9s del partido Movimiento Ciudadano, lo que podr\u00eda indicar \u2014dijo\u2014 una persecuci\u00f3n con tintes pol\u00edticos.<\/p>\n<blockquote data-start=\"1503\" data-end=\"1683\">\n<p data-start=\"1505\" data-end=\"1683\">\u201cNosotros tenemos las manos limpias, no le debemos nada a nadie. Es lamentable que por participar y trabajar por la gente seamos v\u00edctimas de este tipo de situaciones\u201d, declar\u00f3.<\/p>\n<\/blockquote>\n<p style=\"text-align: justify;\" data-start=\"1685\" data-end=\"1855\">Cervantes reiter\u00f3 su confianza en las instituciones, pero pidi\u00f3 que las autoridades act\u00faen con celeridad para garantizar la seguridad de su familia y colaboradores.<\/p>\n<p data-start=\"1685\" data-end=\"1855\"><img loading=\"lazy\" decoding=\"async\" class=\"alignnone size-full wp-image-51744\" src=\"https:\/\/labestiapolitica.com.mx\/wp-content\/uploads\/2025\/10\/WhatsApp-Image-2025-10-07-at-12.05.56-PM-1.jpeg\" alt=\"\" width=\"1080\" height=\"1080\" srcset=\"https:\/\/labestiapolitica.com.mx\/wp-content\/uploads\/2025\/10\/WhatsApp-Image-2025-10-07-at-12.05.56-PM-1.jpeg 1080w, https:\/\/labestiapolitica.com.mx\/wp-content\/uploads\/2025\/10\/WhatsApp-Image-2025-10-07-at-12.05.56-PM-1-300x300.jpeg 300w, https:\/\/labestiapolitica.com.mx\/wp-content\/uploads\/2025\/10\/WhatsApp-Image-2025-10-07-at-12.05.56-PM-1-1024x1024.jpeg 1024w, https:\/\/labestiapolitica.com.mx\/wp-content\/uploads\/2025\/10\/WhatsApp-Image-2025-10-07-at-12.05.56-PM-1-150x150.jpeg 150w, https:\/\/labestiapolitica.com.mx\/wp-content\/uploads\/2025\/10\/WhatsApp-Image-2025-10-07-at-12.05.56-PM-1-768x768.jpeg 768w\" sizes=\"auto, (max-width: 1080px) 100vw, 1080px\" \/><\/p>\n","protected":false},"excerpt":{"rendered":"<p>El acad\u00e9mico y pol\u00edtico Gregorio Cervantes D\u00edaz denunci\u00f3 p\u00fablicamente que, tras la campa\u00f1a de desprestigio emprendida en su contra, integrantes de su equipo y un familiar directo han sido v\u00edctimas de actos de intimidaci\u00f3n y violencia, incluyendo un intento de secuestro contra uno de sus hijos. Durante una conferencia de prensa, el tambi\u00e9n ex diputado [&hellip;]<\/p>\n","protected":false},"author":3,"featured_media":51742,"comment_status":"open","ping_status":"open","sticky":false,"template":"","format":"standard","meta":{"footnotes":""},"categories":[7],"tags":[],"class_list":["post-51741","post","type-post","status-publish","format-standard","has-post-thumbnail","hentry","category-ciudadanos"],"amp_enabled":true,"_links":{"self":[{"href":"https:\/\/labestiapolitica.com.mx\/index.php?rest_route=\/wp\/v2\/posts\/51741","targetHints":{"allow":["GET"]}}],"collection":[{"href":"https:\/\/labestiapolitica.com.mx\/index.php?rest_route=\/wp\/v2\/posts"}],"about":[{"href":"https:\/\/labestiapolitica.com.mx\/index.php?rest_route=\/wp\/v2\/types\/post"}],"author":[{"embeddable":true,"href":"https:\/\/labestiapolitica.com.mx\/index.php?rest_route=\/wp\/v2\/users\/3"}],"replies":[{"embeddable":true,"href":"https:\/\/labestiapolitica.com.mx\/index.php?rest_route=%2Fwp%2Fv2%2Fcomments&post=51741"}],"version-history":[{"count":2,"href":"https:\/\/labestiapolitica.com.mx\/index.php?rest_route=\/wp\/v2\/posts\/51741\/revisions"}],"predecessor-version":[{"id":51745,"href":"https:\/\/labestiapolitica.com.mx\/index.php?rest_route=\/wp\/v2\/posts\/51741\/revisions\/51745"}],"wp:featuredmedia":[{"embeddable":true,"href":"https:\/\/labestiapolitica.com.mx\/index.php?rest_route=\/wp\/v2\/media\/51742"}],"wp:attachment":[{"href":"https:\/\/labestiapolitica.com.mx\/index.php?rest_route=%2Fwp%2Fv2%2Fmedia&parent=51741"}],"wp:term":[{"taxonomy":"category","embeddable":true,"href":"https:\/\/labestiapolitica.com.mx\/index.php?rest_route=%2Fwp%2Fv2%2Fcategories&post=51741"},{"taxonomy":"post_tag","embeddable":true,"href":"https:\/\/labestiapolitica.com.mx\/index.php?rest_route=%2Fwp%2Fv2%2Ftags&post=51741"}],"curies":[{"name":"wp","href":"https:\/\/api.w.org\/{rel}","templated":true}]}}