{"id":51764,"date":"2025-10-20T18:33:08","date_gmt":"2025-10-21T00:33:08","guid":{"rendered":"https:\/\/labestiapolitica.com.mx\/?p=51764"},"modified":"2025-10-20T18:33:08","modified_gmt":"2025-10-21T00:33:08","slug":"defensoria-de-derechos-universitarios-y-cedh-brindan-capacitacion-sobre-procedimientos-para-presentar-una-queja","status":"publish","type":"post","link":"https:\/\/labestiapolitica.com.mx\/?p=51764","title":{"rendered":"Defensor\u00eda de Derechos Universitarios y CEDH brindan capacitaci\u00f3n sobre procedimientos para presentar una queja."},"content":{"rendered":"<p style=\"font-weight: 400; text-align: justify;\">La Defensor\u00eda de los Derechos Universitarios de la Universidad Aut\u00f3noma de Tlaxcala (UATx) organiz\u00f3 una capacitaci\u00f3n sobre\u00a0\ud835\udc0f\ud835\udc2b\ud835\udc28\ud835\udc1c\ud835\udc1e\ud835\udc1d\ud835\udc22\ud835\udc26\ud835\udc22\ud835\udc1e\ud835\udc27\ud835\udc2d\ud835\udc28\u00a0\ud835\udc1d\ud835\udc1e\u00a0\ud835\udc25\ud835\udc1a\u00a0\ud835\udc29\ud835\udc2b\ud835\udc1e\ud835\udc2c\ud835\udc1e\ud835\udc27\ud835\udc2d\ud835\udc1a\ud835\udc1c\ud835\udc22\ud835\udc28\u0301\ud835\udc27\u00a0\ud835\udc1d\ud835\udc1e\u00a0\ud835\udc2e\ud835\udc27\ud835\udc1a\u00a0\ud835\udc2a\ud835\udc2e\ud835\udc1e\ud835\udc23\ud835\udc1a\u00a0\ud835\udc1a\ud835\udc27\ud835\udc2d\ud835\udc1e\u00a0\ud835\udc25\ud835\udc1a\u00a0\ud835\udc02\ud835\udc28\ud835\udc26\ud835\udc22\ud835\udc2c\ud835\udc22\ud835\udc28\u0301\ud835\udc27\u00a0\ud835\udc04\ud835\udc2c\ud835\udc2d\ud835\udc1a\ud835\udc2d\ud835\udc1a\ud835\udc25\u00a0\ud835\udc1d\ud835\udc1e\u00a0\ud835\udc03\ud835\udc1e\ud835\udc2b\ud835\udc1e\ud835\udc1c\ud835\udc21\ud835\udc28\ud835\udc2c\u00a0\ud835\udc07\ud835\udc2e\ud835\udc26\ud835\udc1a\ud835\udc27\ud835\udc28\ud835\udc2c\u00a0\ud835\udc1d\ud835\udc1e\u00a0\ud835\udc13\ud835\udc25\ud835\udc1a\ud835\udc31\ud835\udc1c\ud835\udc1a\ud835\udc25\ud835\udc1a\u00a0(CEDHT), que imparti\u00f3\u00a0 la Licenciada Linsday Cruz P\u00e9rez, Defensora de Derechos Humanos de la CEDHT en la Facultad de Trabajo Social, Sociolog\u00eda y Psicolog\u00eda.<\/p>\n<p style=\"font-weight: 400; text-align: justify;\">Durante la jornada se abordaron los pasos del procedimiento de queja, los principios de accesibilidad y dignidad humana, as\u00ed como ejercicios de conciliaci\u00f3n y mediaci\u00f3n, fortaleciendo la cultura de respeto y acompa\u00f1amiento institucional.<\/p>\n<p style=\"font-weight: 400; text-align: justify;\">Esta acci\u00f3n refuerza la colaboraci\u00f3n entre la CEDHT, presidida por la Doctora Jacqueline Ord\u00f3\u00f1ez Brasdefer, y la Aut\u00f3noma de Tlaxcala, bajo el liderazgo del Rector, Doctor Seraf\u00edn Ortiz Ortiz, para impulsar la formaci\u00f3n y protecci\u00f3n de los derechos humanos entre la comunidad universitaria.<\/p>\n<p style=\"font-weight: 400; text-align: justify;\">En su momento, el Doctor Jos\u00e9 Roberto Armando Espinoza Ju\u00e1rez, Ombudsperson Universitario, quien se\u00f1al\u00f3 la importancia de que ambas instituciones, cuidadoras de derechos humanos y universitarios, coadyuven en el trabajo de difusi\u00f3n, protecci\u00f3n y promoci\u00f3n de la dignidad humana.<\/p>\n<p style=\"font-weight: 400; text-align: justify;\">Tambi\u00e9n estuvieron presentes la Licenciada Marbella L\u00f3pez Gallardo, Proyectista de la Defensor\u00eda de los Derechos Universitarios, y estudiantes con intereses sobre el procedimiento.<\/p>\n<p style=\"font-weight: 400; text-align: justify;\">Durante la capacitaci\u00f3n se recalc\u00f3 que el procedimiento de queja no debe tener formalismos rigurosos, debe ser accesible ya que es un derecho que respeta la dignidad humana.<\/p>\n<p style=\"font-weight: 400; text-align: justify;\">Sin embargo, para el caso de la Defensor\u00eda de los Derechos Universitarios es necesario contar\u00a0 el nombre completo de la persona quejosa, matr\u00edcula, licenciatura de adscripci\u00f3n, descripci\u00f3n de los hechos presuntamente violatorios de derechos humanos o universitarios, y autoridad o servidor p\u00fablico se\u00f1alado para iniciar con la investigaci\u00f3n de la queja.<\/p>\n<p style=\"font-weight: 400; text-align: justify;\">De igual forma, la Licenciada Linsday Cruz explic\u00f3 las particularidades del procedimiento de queja ante la CEDHT para que el personal de la Defensor\u00eda Universitaria gu\u00ede de manera adecuada a la comunidad universitaria que\u00a0 requiera el apoyo de la Comisi\u00f3n.<\/p>\n<p>&nbsp;<\/p>\n<p><img loading=\"lazy\" decoding=\"async\" class=\"alignnone size-full wp-image-28405\" src=\"https:\/\/labestiapolitica.com.mx\/wp-content\/uploads\/2024\/06\/U-NOVA-y-se-diferente.png\" alt=\"\" width=\"1000\" height=\"600\" srcset=\"https:\/\/labestiapolitica.com.mx\/wp-content\/uploads\/2024\/06\/U-NOVA-y-se-diferente.png 1000w, https:\/\/labestiapolitica.com.mx\/wp-content\/uploads\/2024\/06\/U-NOVA-y-se-diferente-300x180.png 300w, https:\/\/labestiapolitica.com.mx\/wp-content\/uploads\/2024\/06\/U-NOVA-y-se-diferente-768x461.png 768w\" sizes=\"auto, (max-width: 1000px) 100vw, 1000px\" \/><\/p>\n","protected":false},"excerpt":{"rendered":"<p>La Defensor\u00eda de los Derechos Universitarios de la Universidad Aut\u00f3noma de Tlaxcala (UATx) organiz\u00f3 una capacitaci\u00f3n sobre\u00a0\ud835\udc0f\ud835\udc2b\ud835\udc28\ud835\udc1c\ud835\udc1e\ud835\udc1d\ud835\udc22\ud835\udc26\ud835\udc22\ud835\udc1e\ud835\udc27\ud835\udc2d\ud835\udc28\u00a0\ud835\udc1d\ud835\udc1e\u00a0\ud835\udc25\ud835\udc1a\u00a0\ud835\udc29\ud835\udc2b\ud835\udc1e\ud835\udc2c\ud835\udc1e\ud835\udc27\ud835\udc2d\ud835\udc1a\ud835\udc1c\ud835\udc22\ud835\udc28\u0301\ud835\udc27\u00a0\ud835\udc1d\ud835\udc1e\u00a0\ud835\udc2e\ud835\udc27\ud835\udc1a\u00a0\ud835\udc2a\ud835\udc2e\ud835\udc1e\ud835\udc23\ud835\udc1a\u00a0\ud835\udc1a\ud835\udc27\ud835\udc2d\ud835\udc1e\u00a0\ud835\udc25\ud835\udc1a\u00a0\ud835\udc02\ud835\udc28\ud835\udc26\ud835\udc22\ud835\udc2c\ud835\udc22\ud835\udc28\u0301\ud835\udc27\u00a0\ud835\udc04\ud835\udc2c\ud835\udc2d\ud835\udc1a\ud835\udc2d\ud835\udc1a\ud835\udc25\u00a0\ud835\udc1d\ud835\udc1e\u00a0\ud835\udc03\ud835\udc1e\ud835\udc2b\ud835\udc1e\ud835\udc1c\ud835\udc21\ud835\udc28\ud835\udc2c\u00a0\ud835\udc07\ud835\udc2e\ud835\udc26\ud835\udc1a\ud835\udc27\ud835\udc28\ud835\udc2c\u00a0\ud835\udc1d\ud835\udc1e\u00a0\ud835\udc13\ud835\udc25\ud835\udc1a\ud835\udc31\ud835\udc1c\ud835\udc1a\ud835\udc25\ud835\udc1a\u00a0(CEDHT), que imparti\u00f3\u00a0 la Licenciada Linsday Cruz P\u00e9rez, Defensora de Derechos Humanos de la CEDHT en la Facultad de Trabajo Social, Sociolog\u00eda y Psicolog\u00eda. Durante la jornada se abordaron los pasos del procedimiento de queja, los principios de accesibilidad [&hellip;]<\/p>\n","protected":false},"author":3,"featured_media":51765,"comment_status":"open","ping_status":"open","sticky":false,"template":"","format":"standard","meta":{"footnotes":""},"categories":[7,213,241],"tags":[],"class_list":["post-51764","post","type-post","status-publish","format-standard","has-post-thumbnail","hentry","category-ciudadanos","category-educacion","category-uatx"],"amp_enabled":true,"_links":{"self":[{"href":"https:\/\/labestiapolitica.com.mx\/index.php?rest_route=\/wp\/v2\/posts\/51764","targetHints":{"allow":["GET"]}}],"collection":[{"href":"https:\/\/labestiapolitica.com.mx\/index.php?rest_route=\/wp\/v2\/posts"}],"about":[{"href":"https:\/\/labestiapolitica.com.mx\/index.php?rest_route=\/wp\/v2\/types\/post"}],"author":[{"embeddable":true,"href":"https:\/\/labestiapolitica.com.mx\/index.php?rest_route=\/wp\/v2\/users\/3"}],"replies":[{"embeddable":true,"href":"https:\/\/labestiapolitica.com.mx\/index.php?rest_route=%2Fwp%2Fv2%2Fcomments&post=51764"}],"version-history":[{"count":1,"href":"https:\/\/labestiapolitica.com.mx\/index.php?rest_route=\/wp\/v2\/posts\/51764\/revisions"}],"predecessor-version":[{"id":51766,"href":"https:\/\/labestiapolitica.com.mx\/index.php?rest_route=\/wp\/v2\/posts\/51764\/revisions\/51766"}],"wp:featuredmedia":[{"embeddable":true,"href":"https:\/\/labestiapolitica.com.mx\/index.php?rest_route=\/wp\/v2\/media\/51765"}],"wp:attachment":[{"href":"https:\/\/labestiapolitica.com.mx\/index.php?rest_route=%2Fwp%2Fv2%2Fmedia&parent=51764"}],"wp:term":[{"taxonomy":"category","embeddable":true,"href":"https:\/\/labestiapolitica.com.mx\/index.php?rest_route=%2Fwp%2Fv2%2Fcategories&post=51764"},{"taxonomy":"post_tag","embeddable":true,"href":"https:\/\/labestiapolitica.com.mx\/index.php?rest_route=%2Fwp%2Fv2%2Ftags&post=51764"}],"curies":[{"name":"wp","href":"https:\/\/api.w.org\/{rel}","templated":true}]}}