{"id":51767,"date":"2025-10-20T18:35:49","date_gmt":"2025-10-21T00:35:49","guid":{"rendered":"https:\/\/labestiapolitica.com.mx\/?p=51767"},"modified":"2025-10-20T18:35:49","modified_gmt":"2025-10-21T00:35:49","slug":"estudiantes-de-sistemas-electronicos-uatx-muestran-el-potencial-de-su-carrera-a-sus-homologos-de-bachillerato","status":"publish","type":"post","link":"https:\/\/labestiapolitica.com.mx\/?p=51767","title":{"rendered":"Estudiantes de Sistemas Electr\u00f3nicos UATx muestran el potencial de su carrera a sus hom\u00f3logos de bachillerato."},"content":{"rendered":"<ul>\n<li style=\"font-weight: 400; text-align: justify;\">El programa de la FCBIyT ofrece una formaci\u00f3n estrat\u00e9gica en innovaci\u00f3n con soluciones tecnol\u00f3gicas<\/li>\n<\/ul>\n<p style=\"font-weight: 400; text-align: justify;\">La Facultad de Ciencias B\u00e1sicas, Ingenier\u00eda y Tecnolog\u00eda de la Universidad Aut\u00f3noma de Tlaxcala (FCBIyT-UATx) celebr\u00f3 la\u00a0\ud835\udc17\ud835\udc17\ud835\udc08\ud835\udc08\ud835\udc08\u00a0\ud835\udc12\ud835\udc1e\ud835\udc26\ud835\udc1a\ud835\udc27\ud835\udc1a\u00a0\ud835\udc00\ud835\udc1c\ud835\udc1a\ud835\udc1d\ud835\udc1e\u0301\ud835\udc26\ud835\udc22\ud835\udc1c\ud835\udc1a\u00a0\ud835\udc1d\ud835\udc1e\u00a0\ud835\udc08\ud835\udc27\ud835\udc20\ud835\udc1e\ud835\udc27\ud835\udc22\ud835\udc1e\ud835\udc2b\ud835\udc22\u0301\ud835\udc1a\u00a0\ud835\udc1e\ud835\udc27\u00a0\ud835\udc12\ud835\udc22\ud835\udc2c\ud835\udc2d\ud835\udc1e\ud835\udc26\ud835\udc1a\ud835\udc2c\u00a0\ud835\udc04\ud835\udc25\ud835\udc1e\ud835\udc1c\ud835\udc2d\ud835\udc2b\ud835\udc28\u0301\ud835\udc27\ud835\udc22\ud835\udc1c\ud835\udc28\ud835\udc2c, un encuentro que reuni\u00f3 conocimiento, creatividad y aprendizaje pr\u00e1ctico en torno a los avances tecnol\u00f3gicos que est\u00e1n transformando el mundo.<\/p>\n<p style=\"font-weight: 400; text-align: justify;\">Durante esa semana se realizaron conferencias, cursos, rallies y la actividad \u201cPuertas abiertas\u201d, donde las y los estudiantes compartieron sus proyectos con j\u00f3venes de preparatoria, mostrando el potencial del programa educativo para formar profesionales innovadores con dominio en rob\u00f3tica, inteligencia artificial, dise\u00f1o de circuitos y automatizaci\u00f3n.<\/p>\n<p style=\"font-weight: 400; text-align: justify;\">Del 6 al 10 de octubre, tambi\u00e9n se impartieron cuatro cursos de formaci\u00f3n pr\u00e1ctica: Tinkercad, Uso de PLC, Raspberry Pi y Soldadura, orientados a fortalecer el aprendizaje aplicado y el desarrollo de competencias t\u00e9cnicas.<\/p>\n<p style=\"font-weight: 400; text-align: justify;\">Adem\u00e1s, con actividades como el \u201cRally acad\u00e9mico\u201d y el concurso \u201c100 ISE dijeron\u201d combinaron el aprendizaje con la convivencia, fomentando el trabajo en equipo, la creatividad y el esp\u00edritu universitario.<\/p>\n<p style=\"font-weight: 400; text-align: justify;\">La Licenciatura en Ingenier\u00eda en Sistemas Electr\u00f3nicos de la UATx, ubicada en el campus Apizaquito, avanza en su consolidaci\u00f3n como un programa estrat\u00e9gico para la formaci\u00f3n de profesionales capaces de innovar y transformar el entorno con soluciones tecnol\u00f3gicas.<\/p>\n<p>&nbsp;<\/p>\n<p><img loading=\"lazy\" decoding=\"async\" class=\"alignnone size-full wp-image-28405\" src=\"https:\/\/labestiapolitica.com.mx\/wp-content\/uploads\/2024\/06\/U-NOVA-y-se-diferente.png\" alt=\"\" width=\"1000\" height=\"600\" srcset=\"https:\/\/labestiapolitica.com.mx\/wp-content\/uploads\/2024\/06\/U-NOVA-y-se-diferente.png 1000w, https:\/\/labestiapolitica.com.mx\/wp-content\/uploads\/2024\/06\/U-NOVA-y-se-diferente-300x180.png 300w, https:\/\/labestiapolitica.com.mx\/wp-content\/uploads\/2024\/06\/U-NOVA-y-se-diferente-768x461.png 768w\" sizes=\"auto, (max-width: 1000px) 100vw, 1000px\" \/><\/p>\n","protected":false},"excerpt":{"rendered":"<p>El programa de la FCBIyT ofrece una formaci\u00f3n estrat\u00e9gica en innovaci\u00f3n con soluciones tecnol\u00f3gicas La Facultad de Ciencias B\u00e1sicas, Ingenier\u00eda y Tecnolog\u00eda de la Universidad Aut\u00f3noma de Tlaxcala (FCBIyT-UATx) celebr\u00f3 la\u00a0\ud835\udc17\ud835\udc17\ud835\udc08\ud835\udc08\ud835\udc08\u00a0\ud835\udc12\ud835\udc1e\ud835\udc26\ud835\udc1a\ud835\udc27\ud835\udc1a\u00a0\ud835\udc00\ud835\udc1c\ud835\udc1a\ud835\udc1d\ud835\udc1e\u0301\ud835\udc26\ud835\udc22\ud835\udc1c\ud835\udc1a\u00a0\ud835\udc1d\ud835\udc1e\u00a0\ud835\udc08\ud835\udc27\ud835\udc20\ud835\udc1e\ud835\udc27\ud835\udc22\ud835\udc1e\ud835\udc2b\ud835\udc22\u0301\ud835\udc1a\u00a0\ud835\udc1e\ud835\udc27\u00a0\ud835\udc12\ud835\udc22\ud835\udc2c\ud835\udc2d\ud835\udc1e\ud835\udc26\ud835\udc1a\ud835\udc2c\u00a0\ud835\udc04\ud835\udc25\ud835\udc1e\ud835\udc1c\ud835\udc2d\ud835\udc2b\ud835\udc28\u0301\ud835\udc27\ud835\udc22\ud835\udc1c\ud835\udc28\ud835\udc2c, un encuentro que reuni\u00f3 conocimiento, creatividad y aprendizaje pr\u00e1ctico en torno a los avances tecnol\u00f3gicos que est\u00e1n transformando el mundo. Durante esa semana se [&hellip;]<\/p>\n","protected":false},"author":3,"featured_media":51768,"comment_status":"open","ping_status":"open","sticky":false,"template":"","format":"standard","meta":{"footnotes":""},"categories":[7,213,241],"tags":[],"class_list":["post-51767","post","type-post","status-publish","format-standard","has-post-thumbnail","hentry","category-ciudadanos","category-educacion","category-uatx"],"amp_enabled":true,"_links":{"self":[{"href":"https:\/\/labestiapolitica.com.mx\/index.php?rest_route=\/wp\/v2\/posts\/51767","targetHints":{"allow":["GET"]}}],"collection":[{"href":"https:\/\/labestiapolitica.com.mx\/index.php?rest_route=\/wp\/v2\/posts"}],"about":[{"href":"https:\/\/labestiapolitica.com.mx\/index.php?rest_route=\/wp\/v2\/types\/post"}],"author":[{"embeddable":true,"href":"https:\/\/labestiapolitica.com.mx\/index.php?rest_route=\/wp\/v2\/users\/3"}],"replies":[{"embeddable":true,"href":"https:\/\/labestiapolitica.com.mx\/index.php?rest_route=%2Fwp%2Fv2%2Fcomments&post=51767"}],"version-history":[{"count":1,"href":"https:\/\/labestiapolitica.com.mx\/index.php?rest_route=\/wp\/v2\/posts\/51767\/revisions"}],"predecessor-version":[{"id":51769,"href":"https:\/\/labestiapolitica.com.mx\/index.php?rest_route=\/wp\/v2\/posts\/51767\/revisions\/51769"}],"wp:featuredmedia":[{"embeddable":true,"href":"https:\/\/labestiapolitica.com.mx\/index.php?rest_route=\/wp\/v2\/media\/51768"}],"wp:attachment":[{"href":"https:\/\/labestiapolitica.com.mx\/index.php?rest_route=%2Fwp%2Fv2%2Fmedia&parent=51767"}],"wp:term":[{"taxonomy":"category","embeddable":true,"href":"https:\/\/labestiapolitica.com.mx\/index.php?rest_route=%2Fwp%2Fv2%2Fcategories&post=51767"},{"taxonomy":"post_tag","embeddable":true,"href":"https:\/\/labestiapolitica.com.mx\/index.php?rest_route=%2Fwp%2Fv2%2Ftags&post=51767"}],"curies":[{"name":"wp","href":"https:\/\/api.w.org\/{rel}","templated":true}]}}