{"id":51770,"date":"2025-10-20T18:44:33","date_gmt":"2025-10-21T00:44:33","guid":{"rendered":"https:\/\/labestiapolitica.com.mx\/?p=51770"},"modified":"2025-10-20T18:44:33","modified_gmt":"2025-10-21T00:44:33","slug":"el-jet-uatx-promueve-el-patrimonio-biocultural-con-preponderancia-en-los-saberes-ancestrales","status":"publish","type":"post","link":"https:\/\/labestiapolitica.com.mx\/?p=51770","title":{"rendered":"El JET-UATx promueve el patrimonio biocultural con preponderancia en los saberes ancestrales."},"content":{"rendered":"<ul>\n<li style=\"font-weight: 400; text-align: justify;\">En marcha el segundo encuentro Ra\u00edces y Saberes: Festival Etnobiol\u00f3gico Tlaxcallan 2025, en el Palacio de Cultura<\/li>\n<\/ul>\n<p style=\"font-weight: 400; text-align: justify;\">Con la representaci\u00f3n de la ofrenda al\u00a0<em>Tlamanali<\/em>\u00a0que simboliza el saludo a los cuatro rumbos e incluye los elementos como el agua, el viento, la tierra y el fuego, inici\u00f3 el Segundo\u00a0encuentro Ra\u00edces y Saberes: Festival Etnobiol\u00f3gico Tlaxcallan 2025, que organiza el Jard\u00edn Etnobiol\u00f3gico Tlaxcallan de la Universidad Aut\u00f3noma de Tlaxcala (JET-UATx) y busca fortalecer los lazos entre la ciencia, la cultura, las tradiciones vivas de los pueblos originarios, promover el conocimiento, la conservaci\u00f3n y la valoraci\u00f3n de la biodiversidad.<\/p>\n<p style=\"font-weight: 400; text-align: justify;\">En un ambiente festivo y lleno de color por la variedad de platillos y manjares que tiene la cocina tlaxcalteca, las diferentes semillas que se exhiben, las hierbas y plantas que se pueden degustar, reflejan la riqueza natural que brinda la tierra de este pueblo, con la presencia de productores de Ixtenco, la Trinidad Tenexyecac, San Francisco Tetlanohcan y Altzayanca, quienes se han sumado con sus conocimientos y participaci\u00f3n activa en las actividades del JET.<\/p>\n<p style=\"font-weight: 400; text-align: justify;\">Con sede en el Palacio de la Cultura de la capital, ante investigadores, especialistas, estudiantes e invitados especiales,\u00a0el Maestro Jos\u00e9 Reyes Luna Ruiz, Coordinador de la Divisi\u00f3n de Ciencias Biol\u00f3gicas, en representaci\u00f3n del Doctor Seraf\u00edn Ortiz Ortiz, Rector de la UATx, se\u00f1al\u00f3\u00a0 que este festival nace del coraz\u00f3n de las comunidades, de la sabidur\u00eda milenaria que nos ha ense\u00f1ado a convivir con la tierra; representa un punto de encuentro entre sabios, estudiantes, artistas, cocineras, parteras campesinos y defensores del territorio.<\/p>\n<p style=\"font-weight: 400; text-align: justify;\">Por su parte, el Licenciado Jos\u00e9 Vicente de la Rosa Herrera, Directo del Centro INAH-Tlaxcala, expuso que todo el trabajo acad\u00e9mico que realiza la Universidad y los productos que ofrecen las comunidades son un recuento ancestral de la tradici\u00f3n tlaxcalteca en torno a la agricultura, la alimentaci\u00f3n y la espiritualidad.<\/p>\n<p style=\"font-weight: 400; text-align: justify;\">En su oportunidad, el Licenciado Suni S\u00e1nchez Luna, Director de Econom\u00eda y Emprendimiento de Tlaxcala, consider\u00f3 que en la entidad se vive un momento importante de desarrollo, donde el reto es conservar los saberes y conocimientos ancestrales, por ello, a trav\u00e9s de alianzas estrategias entre las diversas instituciones se puede multiplicar este tipo de actividades para preservar las ra\u00edces tlaxcaltecas.<\/p>\n<p style=\"font-weight: 400; text-align: justify;\">En su participaci\u00f3n, la Licenciada Mar\u00eda Isabel Hern\u00e1ndez Dom\u00ednguez, Coordinadora del Palacio de la Cultura, resalt\u00f3 la importancia de este espacio porque re\u00fane el conocimiento cient\u00edfico con los saberes tradicionales y comunitarios, y tambi\u00e9n fomenta el respeto por la naturaleza, la diversidad biocultural y las ense\u00f1anzas y pr\u00e1cticas ancestrales.<\/p>\n<p style=\"font-weight: 400; text-align: justify;\">Finalmente, la Doctora Alba M\u00f3nica Montiel Gonz\u00e1lez, Coordinadora del Centro de Investigaci\u00f3n en Ciencias Biol\u00f3gicas de la que depende el Jard\u00edn Etnobiol\u00f3gico, enfatiz\u00f3 que la UATx ha dado evidencia de su inter\u00e9s para que el conocimiento cient\u00edfico que se genera en sus espacios converja con propuestas para responder a las problem\u00e1ticas sociales en sus diferentes contextos.<\/p>\n<p>&nbsp;<\/p>\n<p><img loading=\"lazy\" decoding=\"async\" class=\"alignnone size-full wp-image-28405\" src=\"https:\/\/labestiapolitica.com.mx\/wp-content\/uploads\/2024\/06\/U-NOVA-y-se-diferente.png\" alt=\"\" width=\"1000\" height=\"600\" srcset=\"https:\/\/labestiapolitica.com.mx\/wp-content\/uploads\/2024\/06\/U-NOVA-y-se-diferente.png 1000w, https:\/\/labestiapolitica.com.mx\/wp-content\/uploads\/2024\/06\/U-NOVA-y-se-diferente-300x180.png 300w, https:\/\/labestiapolitica.com.mx\/wp-content\/uploads\/2024\/06\/U-NOVA-y-se-diferente-768x461.png 768w\" sizes=\"auto, (max-width: 1000px) 100vw, 1000px\" \/><\/p>\n","protected":false},"excerpt":{"rendered":"<p>En marcha el segundo encuentro Ra\u00edces y Saberes: Festival Etnobiol\u00f3gico Tlaxcallan 2025, en el Palacio de Cultura Con la representaci\u00f3n de la ofrenda al\u00a0Tlamanali\u00a0que simboliza el saludo a los cuatro rumbos e incluye los elementos como el agua, el viento, la tierra y el fuego, inici\u00f3 el Segundo\u00a0encuentro Ra\u00edces y Saberes: Festival Etnobiol\u00f3gico Tlaxcallan 2025, [&hellip;]<\/p>\n","protected":false},"author":3,"featured_media":51771,"comment_status":"open","ping_status":"open","sticky":false,"template":"","format":"standard","meta":{"footnotes":""},"categories":[7,213,241],"tags":[],"class_list":["post-51770","post","type-post","status-publish","format-standard","has-post-thumbnail","hentry","category-ciudadanos","category-educacion","category-uatx"],"amp_enabled":true,"_links":{"self":[{"href":"https:\/\/labestiapolitica.com.mx\/index.php?rest_route=\/wp\/v2\/posts\/51770","targetHints":{"allow":["GET"]}}],"collection":[{"href":"https:\/\/labestiapolitica.com.mx\/index.php?rest_route=\/wp\/v2\/posts"}],"about":[{"href":"https:\/\/labestiapolitica.com.mx\/index.php?rest_route=\/wp\/v2\/types\/post"}],"author":[{"embeddable":true,"href":"https:\/\/labestiapolitica.com.mx\/index.php?rest_route=\/wp\/v2\/users\/3"}],"replies":[{"embeddable":true,"href":"https:\/\/labestiapolitica.com.mx\/index.php?rest_route=%2Fwp%2Fv2%2Fcomments&post=51770"}],"version-history":[{"count":1,"href":"https:\/\/labestiapolitica.com.mx\/index.php?rest_route=\/wp\/v2\/posts\/51770\/revisions"}],"predecessor-version":[{"id":51772,"href":"https:\/\/labestiapolitica.com.mx\/index.php?rest_route=\/wp\/v2\/posts\/51770\/revisions\/51772"}],"wp:featuredmedia":[{"embeddable":true,"href":"https:\/\/labestiapolitica.com.mx\/index.php?rest_route=\/wp\/v2\/media\/51771"}],"wp:attachment":[{"href":"https:\/\/labestiapolitica.com.mx\/index.php?rest_route=%2Fwp%2Fv2%2Fmedia&parent=51770"}],"wp:term":[{"taxonomy":"category","embeddable":true,"href":"https:\/\/labestiapolitica.com.mx\/index.php?rest_route=%2Fwp%2Fv2%2Fcategories&post=51770"},{"taxonomy":"post_tag","embeddable":true,"href":"https:\/\/labestiapolitica.com.mx\/index.php?rest_route=%2Fwp%2Fv2%2Ftags&post=51770"}],"curies":[{"name":"wp","href":"https:\/\/api.w.org\/{rel}","templated":true}]}}