{"id":51779,"date":"2025-10-20T18:59:22","date_gmt":"2025-10-21T00:59:22","guid":{"rendered":"https:\/\/labestiapolitica.com.mx\/?p=51779"},"modified":"2025-10-20T18:59:22","modified_gmt":"2025-10-21T00:59:22","slug":"asume-uatx-secretaria-tecnica-de-la-renies-igualdad","status":"publish","type":"post","link":"https:\/\/labestiapolitica.com.mx\/?p=51779","title":{"rendered":"Asume UATx Secretar\u00eda T\u00e9cnica de la RENIES-Igualdad."},"content":{"rendered":"<ul>\n<li style=\"font-weight: 400; text-align: justify;\">Queda al frente la Doctora Edith Mendieta<\/li>\n<\/ul>\n<p style=\"font-weight: 400; text-align: justify;\">La Doctora\u00a0 Edith Mendieta Mendieta, Responsable del Programa Universitario para la Autorrealizaci\u00f3n y la Igualdad de G\u00e9nero de la Universidad Aut\u00f3noma de Tlaxcala (PUAIG-UATx), asumi\u00f3 la\u00a0\ud835\udc12\ud835\udc1e\ud835\udc1c\ud835\udc2b\ud835\udc1e\ud835\udc2d\ud835\udc1a\ud835\udc2b\ud835\udc22\u0301\ud835\udc1a\u00a0\ud835\udc13\ud835\udc1e\u0301\ud835\udc1c\ud835\udc27\ud835\udc22\ud835\udc1c\ud835\udc1a\u00a0\ud835\udc1d\ud835\udc1e\u00a0\ud835\udc25\ud835\udc1a\u00a0\ud835\udc11\ud835\udc1e\ud835\udc1d\u00a0\ud835\udc0d\ud835\udc1a\ud835\udc1c\ud835\udc22\ud835\udc28\ud835\udc27\ud835\udc1a\ud835\udc25\u00a0\ud835\udc1d\ud835\udc1e\u00a0\ud835\udc08\ud835\udc27\ud835\udc2c\ud835\udc2d\ud835\udc22\ud835\udc2d\ud835\udc2e\ud835\udc1c\ud835\udc22\ud835\udc28\ud835\udc27\ud835\udc1e\ud835\udc2c\u00a0\ud835\udc1d\ud835\udc1e\u00a0\ud835\udc04\ud835\udc1d\ud835\udc2e\ud835\udc1c\ud835\udc1a\ud835\udc1c\ud835\udc22\ud835\udc28\u0301\ud835\udc27\u00a0\ud835\udc12\ud835\udc2e\ud835\udc29\ud835\udc1e\ud835\udc2b\ud835\udc22\ud835\udc28\ud835\udc2b\u00a0\u201c\ud835\udc02\ud835\udc1a\ud835\udc26\ud835\udc22\ud835\udc27\ud835\udc28\ud835\udc2c\u00a0\ud835\udc29\ud835\udc28\ud835\udc2b\u00a0\ud835\udc25\ud835\udc1a\u00a0\ud835\udc08\ud835\udc20\ud835\udc2e\ud835\udc1a\ud835\udc25\ud835\udc1d\ud835\udc1a\ud835\udc1d\u00a0\ud835\udc1d\ud835\udc1e\u00a0\ud835\udc06\ud835\udc1e\u0301\ud835\udc27\ud835\udc1e\ud835\udc2b\ud835\udc28\u201d (\ud835\udc11\ud835\udc04\ud835\udc0d\ud835\udc08\ud835\udc04\ud835\udc12-\ud835\udc08\ud835\udc20\ud835\udc2e\ud835\udc1a\ud835\udc25\ud835\udc1d\ud835\udc1a\ud835\udc1d) de la Asociaci\u00f3n Nacional de Universidades e Instituciones de Educaci\u00f3n Superior (ANUIES).<\/p>\n<p style=\"font-weight: 400; text-align: justify;\">El objetivo de la RENIES-Igualdad es articular esfuerzos institucionales a fin de promover procesos de transversalizaci\u00f3n de la perspectiva de g\u00e9nero y hacer efectiva la paridad al interior de las comunidades de educaci\u00f3n superior, apostando por cambios estructurales y el impulso de pol\u00edticas a favor de la igualdad entre mujeres y hombres.<\/p>\n<p style=\"font-weight: 400; text-align: justify;\">En este sentido, el PUAIG-UATx tiene el objetivo de contribuir a la construcci\u00f3n de la igualdad de g\u00e9nero, y busca fomentar la investigaci\u00f3n en las diversas \u00e1reas del conocimiento e instrumentar acciones para impulsar la perspectiva de g\u00e9nero como herramienta de v\u00ednculo con redes de investigaci\u00f3n afines a esta tem\u00e1tica.<\/p>\n<p style=\"font-weight: 400; text-align: justify;\">Edith Mendieta es Doctora en Sociolog\u00eda, con especializaci\u00f3n en estudios de g\u00e9nero, por el Instituto de Ciencias Sociales y Humanidades \u201cAlfonso V\u00e9lez Pliego\u201d de la Benem\u00e9rita Universidad Aut\u00f3noma de Puebla, entre otros estudios y especializaciones que avalan su formaci\u00f3n acad\u00e9mica.<\/p>\n<p style=\"font-weight: 400; text-align: justify;\">En la Aut\u00f3noma de Tlaxcala es Coordinadora del PUAIG y de la Comisi\u00f3n Universitaria para la Igualdad de G\u00e9nero desde 2015. Es representante institucional de la UATx en RENIES-Igualdad y en la Red de Igualdad entre los G\u00e9neros de la Regi\u00f3n Centro Sur de ANUIES.<\/p>\n<p style=\"font-weight: 400; text-align: justify;\">Adem\u00e1s, es Coordinadora de la Red de Cuerpos Acad\u00e9micos para la Certificaci\u00f3n en Igualdad de G\u00e9nero en las IES mexicanas (RECACIG), integrante del Registro de Especialistas en Estudios de G\u00e9nero y feminismo del Centro de Estudios de G\u00e9nero (CIEG-UNAM); es socia de la Academia Nacional de Investigaci\u00f3n en Trabajo Social y responsable del Programa de Cultura de Paz ante la Direcci\u00f3n General de Educaci\u00f3n Superior Universitaria Intercultural.<\/p>\n<p style=\"font-weight: 400; text-align: justify;\">Ha publicado diversos art\u00edculos en revistas, as\u00ed como cap\u00edtulos de libros relacionados con su l\u00ednea de investigaci\u00f3n: Sexualidad, g\u00e9nero y migraci\u00f3n. Ha participado como ponente exponiendo temas relacionados a la sexualidad, g\u00e9nero, violencia de g\u00e9nero, derechos sexuales y reproductivos, migraci\u00f3n por mencionar algunos.<\/p>\n<p style=\"font-weight: 400; text-align: justify;\">Recibi\u00f3 el Premio Estatal de Trabajo Social 2000, otorgado por el Gobierno del Estado de Tlaxcala y el Colegio de Trabajadores Sociales del Estado A.C. Tlaxcala. Adem\u00e1s del reconocimiento COAPES 2021 por su trayectoria como Par Evaluador en los Procesos de Acreditaci\u00f3n de la Educaci\u00f3n Superior en M\u00e9xico. Es perfil PRODEP, reconocimiento otorgado por la Secretar\u00eda de Educaci\u00f3n P\u00fablica desde 2007. Actualmente es Jefa de la Unidad Institucional de Planes y Programas de la Secretar\u00eda Acad\u00e9mica de la UATx.<\/p>\n<p>&nbsp;<\/p>\n<p><img loading=\"lazy\" decoding=\"async\" class=\"alignnone size-full wp-image-28405\" src=\"https:\/\/labestiapolitica.com.mx\/wp-content\/uploads\/2024\/06\/U-NOVA-y-se-diferente.png\" alt=\"\" width=\"1000\" height=\"600\" srcset=\"https:\/\/labestiapolitica.com.mx\/wp-content\/uploads\/2024\/06\/U-NOVA-y-se-diferente.png 1000w, https:\/\/labestiapolitica.com.mx\/wp-content\/uploads\/2024\/06\/U-NOVA-y-se-diferente-300x180.png 300w, https:\/\/labestiapolitica.com.mx\/wp-content\/uploads\/2024\/06\/U-NOVA-y-se-diferente-768x461.png 768w\" sizes=\"auto, (max-width: 1000px) 100vw, 1000px\" \/><\/p>\n","protected":false},"excerpt":{"rendered":"<p>Queda al frente la Doctora Edith Mendieta La Doctora\u00a0 Edith Mendieta Mendieta, Responsable del Programa Universitario para la Autorrealizaci\u00f3n y la Igualdad de G\u00e9nero de la Universidad Aut\u00f3noma de Tlaxcala (PUAIG-UATx), asumi\u00f3 la\u00a0\ud835\udc12\ud835\udc1e\ud835\udc1c\ud835\udc2b\ud835\udc1e\ud835\udc2d\ud835\udc1a\ud835\udc2b\ud835\udc22\u0301\ud835\udc1a\u00a0\ud835\udc13\ud835\udc1e\u0301\ud835\udc1c\ud835\udc27\ud835\udc22\ud835\udc1c\ud835\udc1a\u00a0\ud835\udc1d\ud835\udc1e\u00a0\ud835\udc25\ud835\udc1a\u00a0\ud835\udc11\ud835\udc1e\ud835\udc1d\u00a0\ud835\udc0d\ud835\udc1a\ud835\udc1c\ud835\udc22\ud835\udc28\ud835\udc27\ud835\udc1a\ud835\udc25\u00a0\ud835\udc1d\ud835\udc1e\u00a0\ud835\udc08\ud835\udc27\ud835\udc2c\ud835\udc2d\ud835\udc22\ud835\udc2d\ud835\udc2e\ud835\udc1c\ud835\udc22\ud835\udc28\ud835\udc27\ud835\udc1e\ud835\udc2c\u00a0\ud835\udc1d\ud835\udc1e\u00a0\ud835\udc04\ud835\udc1d\ud835\udc2e\ud835\udc1c\ud835\udc1a\ud835\udc1c\ud835\udc22\ud835\udc28\u0301\ud835\udc27\u00a0\ud835\udc12\ud835\udc2e\ud835\udc29\ud835\udc1e\ud835\udc2b\ud835\udc22\ud835\udc28\ud835\udc2b\u00a0\u201c\ud835\udc02\ud835\udc1a\ud835\udc26\ud835\udc22\ud835\udc27\ud835\udc28\ud835\udc2c\u00a0\ud835\udc29\ud835\udc28\ud835\udc2b\u00a0\ud835\udc25\ud835\udc1a\u00a0\ud835\udc08\ud835\udc20\ud835\udc2e\ud835\udc1a\ud835\udc25\ud835\udc1d\ud835\udc1a\ud835\udc1d\u00a0\ud835\udc1d\ud835\udc1e\u00a0\ud835\udc06\ud835\udc1e\u0301\ud835\udc27\ud835\udc1e\ud835\udc2b\ud835\udc28\u201d (\ud835\udc11\ud835\udc04\ud835\udc0d\ud835\udc08\ud835\udc04\ud835\udc12-\ud835\udc08\ud835\udc20\ud835\udc2e\ud835\udc1a\ud835\udc25\ud835\udc1d\ud835\udc1a\ud835\udc1d) de la Asociaci\u00f3n Nacional de Universidades e Instituciones de Educaci\u00f3n Superior (ANUIES). El objetivo de la RENIES-Igualdad es articular esfuerzos institucionales [&hellip;]<\/p>\n","protected":false},"author":3,"featured_media":51780,"comment_status":"open","ping_status":"open","sticky":false,"template":"","format":"standard","meta":{"footnotes":""},"categories":[7,213,241],"tags":[],"class_list":["post-51779","post","type-post","status-publish","format-standard","has-post-thumbnail","hentry","category-ciudadanos","category-educacion","category-uatx"],"amp_enabled":true,"_links":{"self":[{"href":"https:\/\/labestiapolitica.com.mx\/index.php?rest_route=\/wp\/v2\/posts\/51779","targetHints":{"allow":["GET"]}}],"collection":[{"href":"https:\/\/labestiapolitica.com.mx\/index.php?rest_route=\/wp\/v2\/posts"}],"about":[{"href":"https:\/\/labestiapolitica.com.mx\/index.php?rest_route=\/wp\/v2\/types\/post"}],"author":[{"embeddable":true,"href":"https:\/\/labestiapolitica.com.mx\/index.php?rest_route=\/wp\/v2\/users\/3"}],"replies":[{"embeddable":true,"href":"https:\/\/labestiapolitica.com.mx\/index.php?rest_route=%2Fwp%2Fv2%2Fcomments&post=51779"}],"version-history":[{"count":1,"href":"https:\/\/labestiapolitica.com.mx\/index.php?rest_route=\/wp\/v2\/posts\/51779\/revisions"}],"predecessor-version":[{"id":51781,"href":"https:\/\/labestiapolitica.com.mx\/index.php?rest_route=\/wp\/v2\/posts\/51779\/revisions\/51781"}],"wp:featuredmedia":[{"embeddable":true,"href":"https:\/\/labestiapolitica.com.mx\/index.php?rest_route=\/wp\/v2\/media\/51780"}],"wp:attachment":[{"href":"https:\/\/labestiapolitica.com.mx\/index.php?rest_route=%2Fwp%2Fv2%2Fmedia&parent=51779"}],"wp:term":[{"taxonomy":"category","embeddable":true,"href":"https:\/\/labestiapolitica.com.mx\/index.php?rest_route=%2Fwp%2Fv2%2Fcategories&post=51779"},{"taxonomy":"post_tag","embeddable":true,"href":"https:\/\/labestiapolitica.com.mx\/index.php?rest_route=%2Fwp%2Fv2%2Ftags&post=51779"}],"curies":[{"name":"wp","href":"https:\/\/api.w.org\/{rel}","templated":true}]}}