{"id":51782,"date":"2025-10-20T19:17:59","date_gmt":"2025-10-21T01:17:59","guid":{"rendered":"https:\/\/labestiapolitica.com.mx\/?p=51782"},"modified":"2025-10-20T19:17:59","modified_gmt":"2025-10-21T01:17:59","slug":"apizaco-promueve-la-prevencion-y-la-salud-en-el-mes-de-la-lucha-contra-el-cancer-de-mama","status":"publish","type":"post","link":"https:\/\/labestiapolitica.com.mx\/?p=51782","title":{"rendered":"Apizaco promueve la prevenci\u00f3n y la salud en el Mes de la Lucha contra el C\u00e1ncer de Mama."},"content":{"rendered":"<p style=\"text-align: justify;\">\u2022 El Ayuntamiento de Apizaco y la Cuarta Regidur\u00eda organizan actividades gratuitas este 23 de octubre para fomentar la detecci\u00f3n oportuna y el autocuidado.<\/p>\n<p style=\"text-align: justify;\">El Ayuntamiento de Apizaco, en coordinaci\u00f3n con la Cuarta Regidur\u00eda, que encabeza Adriana Eugenia Ram\u00edrez Franco, invita a la poblaci\u00f3n a participar en una serie de actividades gratuitas este 23 de octubre, en el marco del mes de la lucha contra el C\u00e1ncer de Mama.<\/p>\n<p style=\"text-align: justify;\">Bajo el lema \u201cLa prevenci\u00f3n es la mejor lucha\u201d, se llevar\u00e1n a cabo acciones que promueven la salud, la detecci\u00f3n temprana y la concientizaci\u00f3n sobre esta enfermedad que afecta a miles de personas en el pa\u00eds.<\/p>\n<p style=\"text-align: justify;\">Las actividades iniciar\u00e1n con una Caminata por la Salud, portando una prenda rosa, a las 08:45 horas, partiendo de la Jurisdicci\u00f3n Sanitaria No. 3, con el prop\u00f3sito de promover la importancia de la actividad f\u00edsica y la prevenci\u00f3n.<\/p>\n<p style=\"text-align: justify;\">Posteriormente, a las 09:20 horas, en el Parque Cuauht\u00e9moc, se realizar\u00e1 una sesi\u00f3n de activaci\u00f3n f\u00edsica, donde se invitar\u00e1 a las y los asistentes a mantener un estilo de vida saludable como una medida preventiva clave.<\/p>\n<p style=\"text-align: justify;\">Adem\u00e1s, durante toda la jornada, de 09:00 a 14:00 horas, estar\u00e1 disponible la Unidad M\u00f3vil de Exploraci\u00f3n y Tamizajes, que ofrecer\u00e1 servicios gratuitos de detecci\u00f3n oportuna, recordando que un chequeo a tiempo puede salvar vidas.<\/p>\n<p style=\"text-align: justify;\">El Ayuntamiento de Apizaco que encabeza el presidente municipal, Javier Rivera Bonilla, refrenda su compromiso con el bienestar de las familias apizaquenses, impulsando actividades que fomentan la conciencia, la prevenci\u00f3n y el cuidado integral de la salud, por un mejor futuro para todas y todos.<\/p>\n<p>&nbsp;<\/p>\n<p><img loading=\"lazy\" decoding=\"async\" class=\"alignnone size-full wp-image-28405\" src=\"https:\/\/labestiapolitica.com.mx\/wp-content\/uploads\/2024\/06\/U-NOVA-y-se-diferente.png\" alt=\"\" width=\"1000\" height=\"600\" srcset=\"https:\/\/labestiapolitica.com.mx\/wp-content\/uploads\/2024\/06\/U-NOVA-y-se-diferente.png 1000w, https:\/\/labestiapolitica.com.mx\/wp-content\/uploads\/2024\/06\/U-NOVA-y-se-diferente-300x180.png 300w, https:\/\/labestiapolitica.com.mx\/wp-content\/uploads\/2024\/06\/U-NOVA-y-se-diferente-768x461.png 768w\" sizes=\"auto, (max-width: 1000px) 100vw, 1000px\" \/><\/p>\n","protected":false},"excerpt":{"rendered":"<p>\u2022 El Ayuntamiento de Apizaco y la Cuarta Regidur\u00eda organizan actividades gratuitas este 23 de octubre para fomentar la detecci\u00f3n oportuna y el autocuidado. El Ayuntamiento de Apizaco, en coordinaci\u00f3n con la Cuarta Regidur\u00eda, que encabeza Adriana Eugenia Ram\u00edrez Franco, invita a la poblaci\u00f3n a participar en una serie de actividades gratuitas este 23 de [&hellip;]<\/p>\n","protected":false},"author":3,"featured_media":51783,"comment_status":"open","ping_status":"open","sticky":false,"template":"","format":"standard","meta":{"footnotes":""},"categories":[226,7,216],"tags":[],"class_list":["post-51782","post","type-post","status-publish","format-standard","has-post-thumbnail","hentry","category-apizaco","category-ciudadanos","category-municipios"],"amp_enabled":true,"_links":{"self":[{"href":"https:\/\/labestiapolitica.com.mx\/index.php?rest_route=\/wp\/v2\/posts\/51782","targetHints":{"allow":["GET"]}}],"collection":[{"href":"https:\/\/labestiapolitica.com.mx\/index.php?rest_route=\/wp\/v2\/posts"}],"about":[{"href":"https:\/\/labestiapolitica.com.mx\/index.php?rest_route=\/wp\/v2\/types\/post"}],"author":[{"embeddable":true,"href":"https:\/\/labestiapolitica.com.mx\/index.php?rest_route=\/wp\/v2\/users\/3"}],"replies":[{"embeddable":true,"href":"https:\/\/labestiapolitica.com.mx\/index.php?rest_route=%2Fwp%2Fv2%2Fcomments&post=51782"}],"version-history":[{"count":1,"href":"https:\/\/labestiapolitica.com.mx\/index.php?rest_route=\/wp\/v2\/posts\/51782\/revisions"}],"predecessor-version":[{"id":51784,"href":"https:\/\/labestiapolitica.com.mx\/index.php?rest_route=\/wp\/v2\/posts\/51782\/revisions\/51784"}],"wp:featuredmedia":[{"embeddable":true,"href":"https:\/\/labestiapolitica.com.mx\/index.php?rest_route=\/wp\/v2\/media\/51783"}],"wp:attachment":[{"href":"https:\/\/labestiapolitica.com.mx\/index.php?rest_route=%2Fwp%2Fv2%2Fmedia&parent=51782"}],"wp:term":[{"taxonomy":"category","embeddable":true,"href":"https:\/\/labestiapolitica.com.mx\/index.php?rest_route=%2Fwp%2Fv2%2Fcategories&post=51782"},{"taxonomy":"post_tag","embeddable":true,"href":"https:\/\/labestiapolitica.com.mx\/index.php?rest_route=%2Fwp%2Fv2%2Ftags&post=51782"}],"curies":[{"name":"wp","href":"https:\/\/api.w.org\/{rel}","templated":true}]}}