{"id":51786,"date":"2025-10-20T19:28:13","date_gmt":"2025-10-21T01:28:13","guid":{"rendered":"https:\/\/labestiapolitica.com.mx\/?p=51786"},"modified":"2025-10-20T19:28:13","modified_gmt":"2025-10-21T01:28:13","slug":"totolac-se-mueve-por-la-prevencion-y-la-vida","status":"publish","type":"post","link":"https:\/\/labestiapolitica.com.mx\/?p=51786","title":{"rendered":"Totolac se mueve por la prevenci\u00f3n y la vida."},"content":{"rendered":"<p style=\"text-align: justify;\">El Gobierno Municipal de Totolac 24-27 a trav\u00e9s de la Instancia de la Mujer Totolac conmemor\u00f3 el \ud835\uddd7\u00ed\ud835\uddee \ud835\udddc\ud835\uddfb\ud835\ude01\ud835\uddf2\ud835\uddff\ud835\uddfb\ud835\uddee\ud835\uddf0\ud835\uddf6\ud835\uddfc\ud835\uddfb\ud835\uddee\ud835\uddf9 \ud835\uddf1\ud835\uddf2 \ud835\uddf9\ud835\uddee \ud835\udddf\ud835\ude02\ud835\uddf0\ud835\uddf5\ud835\uddee \ud835\uddf0\ud835\uddfc\ud835\uddfb\ud835\ude01\ud835\uddff\ud835\uddee \ud835\uddf2\ud835\uddf9 \ud835\uddd6\u00e1\ud835\uddfb\ud835\uddf0\ud835\uddf2\ud835\uddff \ud835\uddf1\ud835\uddf2 \ud835\udde0\ud835\uddee\ud835\uddfa\ud835\uddee, a trav\u00e9s de una activaci\u00f3n f\u00edsica.<br \/>\nEn la explanada de la Presidencia Municipal, y con la participaci\u00f3n del presidente municipal Ing. Benjam\u00edn Atonal Conde, la Directora de la Instancia: Lic. \ud835\uddec\ud835\uddee\ud835\uddf7\ud835\uddee\ud835\uddf6\ud835\uddff\ud835\uddee \ud835\uddda\ud835\uddee\ud835\uddff\ud835\uddf0\u00ed\ud835\uddee \ud835\udded\ud835\uddf2\ud835\uddfa\ud835\uddfd\ud835\uddfc\ud835\uddee\ud835\uddf9\ud835\ude01\ud835\uddf2\ud835\uddf0\ud835\uddee, \ud835\uddf9\ud835\uddee \ud835\udde6\u00ed\ud835\uddfb\ud835\uddf1\ud835\uddf6\ud835\uddf0\ud835\uddfc \ud835\udde0\ud835\ude02\ud835\uddfb\ud835\uddf6\ud835\uddf0\ud835\uddf6\ud835\uddfd\ud835\uddee\ud835\uddf9: \ud835\udddf\ud835\uddf6\ud835\uddf0. \ud835\udddc\ud835\ude00\ud835\uddf6\ud835\ude00 \ud835\uddd5\ud835\uddee\ud835\uddff\ud835\uddee\ud835\uddfb\ud835\uddf1\ud835\uddee \ud835\uddd6\ud835\uddf5\u00e1\ud835\ude03\ud835\uddf2\ud835\ude07, personal que integra las diferentes \u00e1reas del H. Ayuntamiento y ciudadan\u00eda en general participaron en dicha actividad que fomenta la prevenci\u00f3n, el \ud835\uddee\ud835\ude02\ud835\ude01\ud835\uddfc\ud835\uddf0\ud835\ude02\ud835\uddf6\ud835\uddf1\ud835\uddee\ud835\uddf1\ud835\uddfc \ud835\ude06 \ud835\uddf9\ud835\uddee \ud835\ude02\ud835\uddfb\ud835\uddf6\u00f3\ud835\uddfb \ud835\uddf0\ud835\uddfc\ud835\uddfa\ud835\ude02\ud835\uddfb\ud835\uddf6\ud835\ude01\ud835\uddee\ud835\uddff\ud835\uddf6\ud835\uddee \ud835\uddee \ud835\ude01\ud835\uddff\ud835\uddee\ud835\ude03\u00e9\ud835\ude00 \ud835\uddf1\ud835\uddf2\ud835\uddf9 \ud835\uddfa\ud835\uddfc\ud835\ude03\ud835\uddf6\ud835\uddfa\ud835\uddf6\ud835\uddf2\ud835\uddfb\ud835\ude01\ud835\uddfc \ud835\ude06 \ud835\uddf9\ud835\uddee \ud835\uddf2\ud835\uddfb\ud835\uddf2\ud835\uddff\ud835\uddf4\u00ed\ud835\uddee \ud835\uddfd\ud835\uddfc\ud835\ude00\ud835\uddf6\ud835\ude01\ud835\uddf6\ud835\ude03\ud835\uddee.<br \/>\nDesde las diferentes \u00e1reas seguiremos trabajando para consolidar un gobierno sensible y comprometido con la salud de las mujeres Totolaquenses.<\/p>\n<p>&nbsp;<\/p>\n<p><img loading=\"lazy\" decoding=\"async\" class=\"alignnone size-full wp-image-28405\" src=\"https:\/\/labestiapolitica.com.mx\/wp-content\/uploads\/2024\/06\/U-NOVA-y-se-diferente.png\" alt=\"\" width=\"1000\" height=\"600\" srcset=\"https:\/\/labestiapolitica.com.mx\/wp-content\/uploads\/2024\/06\/U-NOVA-y-se-diferente.png 1000w, https:\/\/labestiapolitica.com.mx\/wp-content\/uploads\/2024\/06\/U-NOVA-y-se-diferente-300x180.png 300w, https:\/\/labestiapolitica.com.mx\/wp-content\/uploads\/2024\/06\/U-NOVA-y-se-diferente-768x461.png 768w\" sizes=\"auto, (max-width: 1000px) 100vw, 1000px\" \/><\/p>\n","protected":false},"excerpt":{"rendered":"<p>El Gobierno Municipal de Totolac 24-27 a trav\u00e9s de la Instancia de la Mujer Totolac conmemor\u00f3 el \ud835\uddd7\u00ed\ud835\uddee \ud835\udddc\ud835\uddfb\ud835\ude01\ud835\uddf2\ud835\uddff\ud835\uddfb\ud835\uddee\ud835\uddf0\ud835\uddf6\ud835\uddfc\ud835\uddfb\ud835\uddee\ud835\uddf9 \ud835\uddf1\ud835\uddf2 \ud835\uddf9\ud835\uddee \ud835\udddf\ud835\ude02\ud835\uddf0\ud835\uddf5\ud835\uddee \ud835\uddf0\ud835\uddfc\ud835\uddfb\ud835\ude01\ud835\uddff\ud835\uddee \ud835\uddf2\ud835\uddf9 \ud835\uddd6\u00e1\ud835\uddfb\ud835\uddf0\ud835\uddf2\ud835\uddff \ud835\uddf1\ud835\uddf2 \ud835\udde0\ud835\uddee\ud835\uddfa\ud835\uddee, a trav\u00e9s de una activaci\u00f3n f\u00edsica. En la explanada de la Presidencia Municipal, y con la participaci\u00f3n del presidente municipal Ing. Benjam\u00edn Atonal Conde, la Directora de la [&hellip;]<\/p>\n","protected":false},"author":3,"featured_media":51787,"comment_status":"open","ping_status":"open","sticky":false,"template":"","format":"standard","meta":{"footnotes":""},"categories":[7,216,225],"tags":[],"class_list":["post-51786","post","type-post","status-publish","format-standard","has-post-thumbnail","hentry","category-ciudadanos","category-municipios","category-totolac"],"amp_enabled":true,"_links":{"self":[{"href":"https:\/\/labestiapolitica.com.mx\/index.php?rest_route=\/wp\/v2\/posts\/51786","targetHints":{"allow":["GET"]}}],"collection":[{"href":"https:\/\/labestiapolitica.com.mx\/index.php?rest_route=\/wp\/v2\/posts"}],"about":[{"href":"https:\/\/labestiapolitica.com.mx\/index.php?rest_route=\/wp\/v2\/types\/post"}],"author":[{"embeddable":true,"href":"https:\/\/labestiapolitica.com.mx\/index.php?rest_route=\/wp\/v2\/users\/3"}],"replies":[{"embeddable":true,"href":"https:\/\/labestiapolitica.com.mx\/index.php?rest_route=%2Fwp%2Fv2%2Fcomments&post=51786"}],"version-history":[{"count":1,"href":"https:\/\/labestiapolitica.com.mx\/index.php?rest_route=\/wp\/v2\/posts\/51786\/revisions"}],"predecessor-version":[{"id":51788,"href":"https:\/\/labestiapolitica.com.mx\/index.php?rest_route=\/wp\/v2\/posts\/51786\/revisions\/51788"}],"wp:featuredmedia":[{"embeddable":true,"href":"https:\/\/labestiapolitica.com.mx\/index.php?rest_route=\/wp\/v2\/media\/51787"}],"wp:attachment":[{"href":"https:\/\/labestiapolitica.com.mx\/index.php?rest_route=%2Fwp%2Fv2%2Fmedia&parent=51786"}],"wp:term":[{"taxonomy":"category","embeddable":true,"href":"https:\/\/labestiapolitica.com.mx\/index.php?rest_route=%2Fwp%2Fv2%2Fcategories&post=51786"},{"taxonomy":"post_tag","embeddable":true,"href":"https:\/\/labestiapolitica.com.mx\/index.php?rest_route=%2Fwp%2Fv2%2Ftags&post=51786"}],"curies":[{"name":"wp","href":"https:\/\/api.w.org\/{rel}","templated":true}]}}