{"id":51789,"date":"2025-10-20T19:39:01","date_gmt":"2025-10-21T01:39:01","guid":{"rendered":"https:\/\/labestiapolitica.com.mx\/?p=51789"},"modified":"2025-10-20T19:39:01","modified_gmt":"2025-10-21T01:39:01","slug":"direccion-de-obras-publicas-continua-con-el-bacheo-municipal","status":"publish","type":"post","link":"https:\/\/labestiapolitica.com.mx\/?p=51789","title":{"rendered":"Direcci\u00f3n de Obras P\u00fablicas contin\u00faa con el bacheo municipal."},"content":{"rendered":"<p>El Presidente Municipal Ing. Benjam\u00edn Atonal Conde sigue \ud835\uddee\ud835\ude01\ud835\uddf2\ud835\uddfb\ud835\uddf1\ud835\uddf6\ud835\uddf2\ud835\uddfb\ud835\uddf1\ud835\uddfc \ud835\ude06 \ud835\ude00\ud835\ude02\ud835\uddfd\ud835\uddf2\ud835\uddff\ud835\ude03\ud835\uddf6\ud835\ude00\ud835\uddee\ud835\uddfb\ud835\uddf1\ud835\uddfc \ud835\uddf9\ud835\uddee \ud835\uddff\ud835\uddf2\ud835\uddf5\ud835\uddee\ud835\uddef\ud835\uddf6\ud835\uddf9\ud835\uddf6\ud835\ude01\ud835\uddee\ud835\uddf0\ud835\uddf6\u00f3\ud835\uddfb \ud835\uddf1\ud835\uddf2 \ud835\uddf9\ud835\uddee\ud835\ude00 \ud835\ude03\ud835\uddf6\ud835\uddee\ud835\uddf9\ud835\uddf6\ud835\uddf1\ud835\uddee\ud835\uddf1\ud835\uddf2\ud835\ude00 en todo el municipio.<br \/>\nDurante la tarde de hoy se llevaron a cabo \ud835\ude01\ud835\uddff\ud835\uddee\ud835\uddef\ud835\uddee\ud835\uddf7\ud835\uddfc\ud835\ude00 \ud835\uddf1\ud835\uddf2 \ud835\uddef\ud835\uddee\ud835\uddf0\ud835\uddf5\ud835\uddf2\ud835\uddfc \ud835\ude00\ud835\uddfc\ud835\uddef\ud835\uddff\ud835\uddf2 \ud835\uddf9\ud835\uddee \ud835\uddd6\ud835\uddee\ud835\uddf9\ud835\uddf9\ud835\uddf2 \ud835\uddeb\ud835\uddf6\ud835\uddf0\ud835\uddfc\ud835\uddf5\ud835\ude01\u00e9\ud835\uddfb\ud835\uddf0\ud835\uddee\ud835\ude01\ud835\uddf9, por donde transitan a diarios vecinas y vecinos de la Candelaria Teotlalpan, Acxotla del R\u00edo, San Miguel Tlamahuco y tambi\u00e9n de Tlaxcala Capital.<\/p>\n<p>Est\u00e1s acciones buscan \ud835\uddf4\ud835\uddee\ud835\uddff\ud835\uddee\ud835\uddfb\ud835\ude01\ud835\uddf6\ud835\ude07\ud835\uddee\ud835\uddff \ud835\uddf9\ud835\uddee \ud835\ude00\ud835\uddf2\ud835\uddf4\ud835\ude02\ud835\uddff\ud835\uddf6\ud835\uddf1\ud835\uddee\ud835\uddf1 \ud835\uddf1\ud835\uddf2 \ud835\uddfd\ud835\uddf2\ud835\uddee\ud835\ude01\ud835\uddfc\ud835\uddfb\ud835\uddf2\ud835\ude00, \ud835\uddfa\ud835\uddfc\ud835\ude01\ud835\uddfc\ud835\uddf0\ud835\uddf6\ud835\uddf0\ud835\uddf9\ud835\uddf6\ud835\ude00\ud835\ude01\ud835\uddee\ud835\ude00 , \ud835\uddee\ud835\ude02\ud835\ude01\ud835\uddfc\ud835\ude03\ud835\uddfc\ud835\uddfa\ud835\uddf6\ud835\uddf9\ud835\uddf6\ud835\ude00\ud835\ude01\ud835\uddee\ud835\ude00 \ud835\ude06 \ud835\uddf0\ud835\uddf6\ud835\uddf0\ud835\uddf9\ud835\uddf6\ud835\ude00\ud835\ude01\ud835\uddee\ud835\ude00; la gesti\u00f3n del reencarpetamiento avanzan de manera exitosa, mientras que de forma inmediata damos soluciones a las necesidades.<\/p>\n<p>&nbsp;<\/p>\n<p><img loading=\"lazy\" decoding=\"async\" class=\"alignnone size-full wp-image-28405\" src=\"https:\/\/labestiapolitica.com.mx\/wp-content\/uploads\/2024\/06\/U-NOVA-y-se-diferente.png\" alt=\"\" width=\"1000\" height=\"600\" srcset=\"https:\/\/labestiapolitica.com.mx\/wp-content\/uploads\/2024\/06\/U-NOVA-y-se-diferente.png 1000w, https:\/\/labestiapolitica.com.mx\/wp-content\/uploads\/2024\/06\/U-NOVA-y-se-diferente-300x180.png 300w, https:\/\/labestiapolitica.com.mx\/wp-content\/uploads\/2024\/06\/U-NOVA-y-se-diferente-768x461.png 768w\" sizes=\"auto, (max-width: 1000px) 100vw, 1000px\" \/><\/p>\n","protected":false},"excerpt":{"rendered":"<p>El Presidente Municipal Ing. Benjam\u00edn Atonal Conde sigue \ud835\uddee\ud835\ude01\ud835\uddf2\ud835\uddfb\ud835\uddf1\ud835\uddf6\ud835\uddf2\ud835\uddfb\ud835\uddf1\ud835\uddfc \ud835\ude06 \ud835\ude00\ud835\ude02\ud835\uddfd\ud835\uddf2\ud835\uddff\ud835\ude03\ud835\uddf6\ud835\ude00\ud835\uddee\ud835\uddfb\ud835\uddf1\ud835\uddfc \ud835\uddf9\ud835\uddee \ud835\uddff\ud835\uddf2\ud835\uddf5\ud835\uddee\ud835\uddef\ud835\uddf6\ud835\uddf9\ud835\uddf6\ud835\ude01\ud835\uddee\ud835\uddf0\ud835\uddf6\u00f3\ud835\uddfb \ud835\uddf1\ud835\uddf2 \ud835\uddf9\ud835\uddee\ud835\ude00 \ud835\ude03\ud835\uddf6\ud835\uddee\ud835\uddf9\ud835\uddf6\ud835\uddf1\ud835\uddee\ud835\uddf1\ud835\uddf2\ud835\ude00 en todo el municipio. Durante la tarde de hoy se llevaron a cabo \ud835\ude01\ud835\uddff\ud835\uddee\ud835\uddef\ud835\uddee\ud835\uddf7\ud835\uddfc\ud835\ude00 \ud835\uddf1\ud835\uddf2 \ud835\uddef\ud835\uddee\ud835\uddf0\ud835\uddf5\ud835\uddf2\ud835\uddfc \ud835\ude00\ud835\uddfc\ud835\uddef\ud835\uddff\ud835\uddf2 \ud835\uddf9\ud835\uddee \ud835\uddd6\ud835\uddee\ud835\uddf9\ud835\uddf9\ud835\uddf2 \ud835\uddeb\ud835\uddf6\ud835\uddf0\ud835\uddfc\ud835\uddf5\ud835\ude01\u00e9\ud835\uddfb\ud835\uddf0\ud835\uddee\ud835\ude01\ud835\uddf9, por donde transitan a diarios vecinas y vecinos de la Candelaria Teotlalpan, Acxotla del R\u00edo, San Miguel Tlamahuco y [&hellip;]<\/p>\n","protected":false},"author":3,"featured_media":51790,"comment_status":"open","ping_status":"open","sticky":false,"template":"","format":"standard","meta":{"footnotes":""},"categories":[7,216,225],"tags":[],"class_list":["post-51789","post","type-post","status-publish","format-standard","has-post-thumbnail","hentry","category-ciudadanos","category-municipios","category-totolac"],"amp_enabled":true,"_links":{"self":[{"href":"https:\/\/labestiapolitica.com.mx\/index.php?rest_route=\/wp\/v2\/posts\/51789","targetHints":{"allow":["GET"]}}],"collection":[{"href":"https:\/\/labestiapolitica.com.mx\/index.php?rest_route=\/wp\/v2\/posts"}],"about":[{"href":"https:\/\/labestiapolitica.com.mx\/index.php?rest_route=\/wp\/v2\/types\/post"}],"author":[{"embeddable":true,"href":"https:\/\/labestiapolitica.com.mx\/index.php?rest_route=\/wp\/v2\/users\/3"}],"replies":[{"embeddable":true,"href":"https:\/\/labestiapolitica.com.mx\/index.php?rest_route=%2Fwp%2Fv2%2Fcomments&post=51789"}],"version-history":[{"count":1,"href":"https:\/\/labestiapolitica.com.mx\/index.php?rest_route=\/wp\/v2\/posts\/51789\/revisions"}],"predecessor-version":[{"id":51791,"href":"https:\/\/labestiapolitica.com.mx\/index.php?rest_route=\/wp\/v2\/posts\/51789\/revisions\/51791"}],"wp:featuredmedia":[{"embeddable":true,"href":"https:\/\/labestiapolitica.com.mx\/index.php?rest_route=\/wp\/v2\/media\/51790"}],"wp:attachment":[{"href":"https:\/\/labestiapolitica.com.mx\/index.php?rest_route=%2Fwp%2Fv2%2Fmedia&parent=51789"}],"wp:term":[{"taxonomy":"category","embeddable":true,"href":"https:\/\/labestiapolitica.com.mx\/index.php?rest_route=%2Fwp%2Fv2%2Fcategories&post=51789"},{"taxonomy":"post_tag","embeddable":true,"href":"https:\/\/labestiapolitica.com.mx\/index.php?rest_route=%2Fwp%2Fv2%2Ftags&post=51789"}],"curies":[{"name":"wp","href":"https:\/\/api.w.org\/{rel}","templated":true}]}}