{"id":51798,"date":"2025-10-21T00:44:12","date_gmt":"2025-10-21T06:44:12","guid":{"rendered":"https:\/\/labestiapolitica.com.mx\/?p=51798"},"modified":"2025-10-21T00:44:12","modified_gmt":"2025-10-21T06:44:12","slug":"coordinacion-y-tecnologia-permiten-a-la-policia-municipal-y-estatal-dar-seguimiento-a-vehiculo-robado-en-la-capital","status":"publish","type":"post","link":"https:\/\/labestiapolitica.com.mx\/?p=51798","title":{"rendered":"Coordinaci\u00f3n y tecnolog\u00eda permiten a la Polic\u00eda Municipal y Estatal dar seguimiento a veh\u00edculo robado en la capital."},"content":{"rendered":"<p style=\"text-align: justify;\">Gracias a la r\u00e1pida reacci\u00f3n y coordinaci\u00f3n interinstitucional, la Polic\u00eda Municipal de Tlaxcala, a trav\u00e9s del Centro de Control y Comando (C2), dio seguimiento como primer respondiente al reporte del robo de una camioneta Chevrolet Blazer color vino, ocurrido en la comunidad de San Buenaventura Atempan.<\/p>\n<p style=\"text-align: justify;\">\nTras recibir la llamada de auxilio al n\u00famero de emergencias 911, el C2 Municipal activ\u00f3 los protocolos de b\u00fasqueda en conjunto con el C5 Estatal y elementos de la Secretar\u00eda de Seguridad Ciudadana (SSC), mediante el sistema de c\u00e1maras de videovigilancia para rastrear el trayecto del veh\u00edculo.<\/p>\n<p style=\"text-align: justify;\">\nGracias a este monitoreo, se logr\u00f3 dar seguimiento al autom\u00f3vil hasta su paso por la caseta de San Mart\u00edn Texmelucan, donde elementos estatales de Puebla continuaron el operativo y posteriormente localizaron la unidad abandonada.<\/p>\n<p style=\"text-align: justify;\">\nCon esta labor institucional de los cuerpos de seguridad y una estrategia basada en la coordinaci\u00f3n, la tecnolog\u00eda y la proximidad ciudadana, se obtienen mejores resultados en beneficio de la ciudadan\u00eda capitalina.<\/p>\n<p>&nbsp;<\/p>\n<p><img loading=\"lazy\" decoding=\"async\" class=\"alignnone wp-image-28405 size-full\" src=\"https:\/\/labestiapolitica.com.mx\/wp-content\/uploads\/2024\/06\/U-NOVA-y-se-diferente.png\" alt=\"\" width=\"1000\" height=\"600\" srcset=\"https:\/\/labestiapolitica.com.mx\/wp-content\/uploads\/2024\/06\/U-NOVA-y-se-diferente.png 1000w, https:\/\/labestiapolitica.com.mx\/wp-content\/uploads\/2024\/06\/U-NOVA-y-se-diferente-300x180.png 300w, https:\/\/labestiapolitica.com.mx\/wp-content\/uploads\/2024\/06\/U-NOVA-y-se-diferente-768x461.png 768w\" sizes=\"auto, (max-width: 1000px) 100vw, 1000px\" \/><\/p>\n","protected":false},"excerpt":{"rendered":"<p>Gracias a la r\u00e1pida reacci\u00f3n y coordinaci\u00f3n interinstitucional, la Polic\u00eda Municipal de Tlaxcala, a trav\u00e9s del Centro de Control y Comando (C2), dio seguimiento como primer respondiente al reporte del robo de una camioneta Chevrolet Blazer color vino, ocurrido en la comunidad de San Buenaventura Atempan. Tras recibir la llamada de auxilio al n\u00famero de [&hellip;]<\/p>\n","protected":false},"author":5,"featured_media":51799,"comment_status":"open","ping_status":"open","sticky":false,"template":"","format":"standard","meta":{"footnotes":""},"categories":[12,216,214],"tags":[],"class_list":["post-51798","post","type-post","status-publish","format-standard","has-post-thumbnail","hentry","category-brujula-2026","category-municipios","category-tlaxcala-capital"],"amp_enabled":true,"_links":{"self":[{"href":"https:\/\/labestiapolitica.com.mx\/index.php?rest_route=\/wp\/v2\/posts\/51798","targetHints":{"allow":["GET"]}}],"collection":[{"href":"https:\/\/labestiapolitica.com.mx\/index.php?rest_route=\/wp\/v2\/posts"}],"about":[{"href":"https:\/\/labestiapolitica.com.mx\/index.php?rest_route=\/wp\/v2\/types\/post"}],"author":[{"embeddable":true,"href":"https:\/\/labestiapolitica.com.mx\/index.php?rest_route=\/wp\/v2\/users\/5"}],"replies":[{"embeddable":true,"href":"https:\/\/labestiapolitica.com.mx\/index.php?rest_route=%2Fwp%2Fv2%2Fcomments&post=51798"}],"version-history":[{"count":1,"href":"https:\/\/labestiapolitica.com.mx\/index.php?rest_route=\/wp\/v2\/posts\/51798\/revisions"}],"predecessor-version":[{"id":51800,"href":"https:\/\/labestiapolitica.com.mx\/index.php?rest_route=\/wp\/v2\/posts\/51798\/revisions\/51800"}],"wp:featuredmedia":[{"embeddable":true,"href":"https:\/\/labestiapolitica.com.mx\/index.php?rest_route=\/wp\/v2\/media\/51799"}],"wp:attachment":[{"href":"https:\/\/labestiapolitica.com.mx\/index.php?rest_route=%2Fwp%2Fv2%2Fmedia&parent=51798"}],"wp:term":[{"taxonomy":"category","embeddable":true,"href":"https:\/\/labestiapolitica.com.mx\/index.php?rest_route=%2Fwp%2Fv2%2Fcategories&post=51798"},{"taxonomy":"post_tag","embeddable":true,"href":"https:\/\/labestiapolitica.com.mx\/index.php?rest_route=%2Fwp%2Fv2%2Ftags&post=51798"}],"curies":[{"name":"wp","href":"https:\/\/api.w.org\/{rel}","templated":true}]}}