{"id":51801,"date":"2025-10-21T00:46:42","date_gmt":"2025-10-21T06:46:42","guid":{"rendered":"https:\/\/labestiapolitica.com.mx\/?p=51801"},"modified":"2025-10-21T00:46:42","modified_gmt":"2025-10-21T06:46:42","slug":"huamantla-conmemora-el-dia-mundial-de-la-lucha-contra-el-cancer-de-mama-con-actividades-de-concientizacion-y-esperanza","status":"publish","type":"post","link":"https:\/\/labestiapolitica.com.mx\/?p=51801","title":{"rendered":"Huamantla conmemora el D\u00eda Mundial de la Lucha contra el C\u00e1ncer de Mama con actividades de concientizaci\u00f3n y esperanza."},"content":{"rendered":"<p style=\"text-align: justify;\">En el marco del D\u00eda Mundial de la Lucha contra el C\u00e1ncer de Mama, el Gobierno Municipal de Huamantla, a trav\u00e9s del Sistema Municipal para el Desarrollo Integral de la Familia (SMDIF) Huamantla y de la Coordinaci\u00f3n del Deporte, llev\u00f3 a cabo una jornada de reflexi\u00f3n, informaci\u00f3n y sensibilizaci\u00f3n dirigida a la ciudadan\u00eda huamantleca, con el objetivo de promover la detecci\u00f3n temprana y la prevenci\u00f3n de esta enfermedad.<\/p>\n<p style=\"text-align: justify;\">Las actividades iniciaron desde temprana hora con caminatas de concientizaci\u00f3n, donde decenas de mujeres, hombres y familias huamantlecas recorrieron las principales calles de la ciudad portando el caracter\u00edstico color rosa como s\u00edmbolo de esperanza, unidad y apoyo hacia quienes enfrentan esta enfermedad. Estas acciones buscan sensibilizar a la poblaci\u00f3n sobre la importancia de la detecci\u00f3n oportuna y fomentar la solidaridad con las personas que luchan contra el c\u00e1ncer de mama.<\/p>\n<p style=\"text-align: justify;\">Durante el evento principal, la Presidenta Honor\u00edfica del SMDIF Huamantla comparti\u00f3 un mensaje profundamente emotivo, al relatar su experiencia personal como sobreviviente de c\u00e1ncer, destacando que la detecci\u00f3n oportuna y el acompa\u00f1amiento m\u00e9dico son fundamentales para salvar vidas. Invit\u00f3 a las y los presentes a realizarse revisiones constantes y acudir con su m\u00e9dico ante cualquier cambio o s\u00edntoma, enfatizando que \u201cel c\u00e1ncer detectado a tiempo se puede vencer\u201d.<\/p>\n<p style=\"text-align: justify;\">Como parte del programa, el Dr. Jos\u00e9 de Jes\u00fas L\u00f3pez G. imparti\u00f3 la conferencia titulada \u201cLa importancia de la detecci\u00f3n temprana y el autoexamen, como herramientas fundamentales para salvar vidas\u201d, donde explic\u00f3 los pasos b\u00e1sicos para identificar se\u00f1ales de alerta, as\u00ed como los diferentes estudios y m\u00e9todos de diagn\u00f3stico disponibles tanto para mujeres como para hombres. Al concluir, se llev\u00f3 a cabo una ronda de preguntas, en la que el p\u00fablico particip\u00f3 activamente resolviendo sus dudas.<\/p>\n<p style=\"text-align: justify;\">La jornada concluy\u00f3 con la actividad \u201cT\u00f3cate para que no te toque\u201d, impulsada por personal de la Unidad M\u00e9dica Familiar No. 20 del IMSS, en la que se brind\u00f3 informaci\u00f3n pr\u00e1ctica sobre autoexploraci\u00f3n mamaria. Adem\u00e1s, se realiz\u00f3 la emotiva din\u00e1mica \u201cHuellas de vida\u201d, donde las y los asistentes plasmaron su huella rosa en un lienzo, simbolizando la unidad, fortaleza y esperanza en la lucha contra el c\u00e1ncer de mama.<\/p>\n<p style=\"text-align: justify;\">Con estas acciones, el Gobierno Municipal que preside Salvador Santos Cedillo y el SMDIF Huamantla refrendan su uni\u00f3n de voluntades con la salud y el bienestar de las mujeres, promoviendo la cultura de la prevenci\u00f3n y la atenci\u00f3n oportuna, porque detectar a tiempo puede salvar vidas.<\/p>\n<p>&nbsp;<\/p>\n<p><img loading=\"lazy\" decoding=\"async\" class=\"alignnone wp-image-28405 size-full\" src=\"https:\/\/labestiapolitica.com.mx\/wp-content\/uploads\/2024\/06\/U-NOVA-y-se-diferente.png\" alt=\"\" width=\"1000\" height=\"600\" srcset=\"https:\/\/labestiapolitica.com.mx\/wp-content\/uploads\/2024\/06\/U-NOVA-y-se-diferente.png 1000w, https:\/\/labestiapolitica.com.mx\/wp-content\/uploads\/2024\/06\/U-NOVA-y-se-diferente-300x180.png 300w, https:\/\/labestiapolitica.com.mx\/wp-content\/uploads\/2024\/06\/U-NOVA-y-se-diferente-768x461.png 768w\" sizes=\"auto, (max-width: 1000px) 100vw, 1000px\" \/><\/p>\n","protected":false},"excerpt":{"rendered":"<p>En el marco del D\u00eda Mundial de la Lucha contra el C\u00e1ncer de Mama, el Gobierno Municipal de Huamantla, a trav\u00e9s del Sistema Municipal para el Desarrollo Integral de la Familia (SMDIF) Huamantla y de la Coordinaci\u00f3n del Deporte, llev\u00f3 a cabo una jornada de reflexi\u00f3n, informaci\u00f3n y sensibilizaci\u00f3n dirigida a la ciudadan\u00eda huamantleca, con [&hellip;]<\/p>\n","protected":false},"author":5,"featured_media":51802,"comment_status":"open","ping_status":"open","sticky":false,"template":"","format":"standard","meta":{"footnotes":""},"categories":[7,220,216],"tags":[],"class_list":["post-51801","post","type-post","status-publish","format-standard","has-post-thumbnail","hentry","category-ciudadanos","category-huamantla","category-municipios"],"amp_enabled":true,"_links":{"self":[{"href":"https:\/\/labestiapolitica.com.mx\/index.php?rest_route=\/wp\/v2\/posts\/51801","targetHints":{"allow":["GET"]}}],"collection":[{"href":"https:\/\/labestiapolitica.com.mx\/index.php?rest_route=\/wp\/v2\/posts"}],"about":[{"href":"https:\/\/labestiapolitica.com.mx\/index.php?rest_route=\/wp\/v2\/types\/post"}],"author":[{"embeddable":true,"href":"https:\/\/labestiapolitica.com.mx\/index.php?rest_route=\/wp\/v2\/users\/5"}],"replies":[{"embeddable":true,"href":"https:\/\/labestiapolitica.com.mx\/index.php?rest_route=%2Fwp%2Fv2%2Fcomments&post=51801"}],"version-history":[{"count":1,"href":"https:\/\/labestiapolitica.com.mx\/index.php?rest_route=\/wp\/v2\/posts\/51801\/revisions"}],"predecessor-version":[{"id":51803,"href":"https:\/\/labestiapolitica.com.mx\/index.php?rest_route=\/wp\/v2\/posts\/51801\/revisions\/51803"}],"wp:featuredmedia":[{"embeddable":true,"href":"https:\/\/labestiapolitica.com.mx\/index.php?rest_route=\/wp\/v2\/media\/51802"}],"wp:attachment":[{"href":"https:\/\/labestiapolitica.com.mx\/index.php?rest_route=%2Fwp%2Fv2%2Fmedia&parent=51801"}],"wp:term":[{"taxonomy":"category","embeddable":true,"href":"https:\/\/labestiapolitica.com.mx\/index.php?rest_route=%2Fwp%2Fv2%2Fcategories&post=51801"},{"taxonomy":"post_tag","embeddable":true,"href":"https:\/\/labestiapolitica.com.mx\/index.php?rest_route=%2Fwp%2Fv2%2Ftags&post=51801"}],"curies":[{"name":"wp","href":"https:\/\/api.w.org\/{rel}","templated":true}]}}