{"id":51807,"date":"2025-10-21T00:52:45","date_gmt":"2025-10-21T06:52:45","guid":{"rendered":"https:\/\/labestiapolitica.com.mx\/?p=51807"},"modified":"2025-10-21T00:52:45","modified_gmt":"2025-10-21T06:52:45","slug":"ayuntamiento-de-tlaxcala-celebrara-la-tradicion-en-honor-a-los-difuntos-con-el-festival-de-la-vida-y-de-la-muerte","status":"publish","type":"post","link":"https:\/\/labestiapolitica.com.mx\/?p=51807","title":{"rendered":"Ayuntamiento de Tlaxcala celebrar\u00e1 la tradici\u00f3n en honor a los difuntos con el \u201cFestival de la Vida y de la Muerte\u201d."},"content":{"rendered":"<p style=\"text-align: justify;\">Como una forma de mantener vivas las tradiciones en la capital, el Ayuntamiento de Tlaxcala llevar\u00e1 a cabo el \u201cFestival de la Vida y de la Muerte\u201d, del 28 de octubre al 1 de noviembre, con diversas actividades organizadas en la Plaza de la Constituci\u00f3n y principales calles de la ciudad.<\/p>\n<p style=\"text-align: justify;\">\nA trav\u00e9s de la Coordinaci\u00f3n de Turismo, el Gobierno Municipal de Alfonso S\u00e1nchez Garc\u00eda, ha preparado una amplia cartelera cultural que incluir\u00e1 actividades art\u00edsticas, recorridos, cine, teatro y exposiciones, todo en un ambiente familiar y de respeto por las costumbres que honran a quienes nos precedieron.<\/p>\n<p style=\"text-align: justify;\">\nLa inauguraci\u00f3n del festival tendr\u00e1 lugar el lunes 27 de octubre a las 18:00 horas en la Plaza de la Constituci\u00f3n, con la apertura del Parque de Catrinas y la proyecci\u00f3n de cine de terror.<\/p>\n<p style=\"text-align: justify;\">\nEntre las actividades m\u00e1s esperadas destacan la pasarela de catrines y mascotas el martes 28, y la inauguraci\u00f3n de la Ofrenda Monumental el mi\u00e9rcoles 29 en el Kiosko de la Plaza de la Constituci\u00f3n.<\/p>\n<p style=\"text-align: justify;\">\nTambi\u00e9n la tradicional Caminata de Catrinas, organizada por el Patronato de Feria, el jueves 30; as\u00ed como el evento \u201cDanzoneando con la Muerte\u201d y la obra \u201cD\u00eda de Muertos\u201d de la Compa\u00f1\u00eda Teatral Irreverente el viernes 31.<\/p>\n<p style=\"text-align: justify;\">\nEl festival culminar\u00e1 el s\u00e1bado 1 de noviembre con la emblem\u00e1tica \u201cNoche de Leyendas\u201d, que recorrer\u00e1 las principales calles de la ciudad con historias, m\u00fasica y colorido.<\/p>\n<p style=\"text-align: justify;\">\nCon estas acciones, el Gobierno Municipal de Tlaxcala promueve la cultural y el turismo local, al impulsar actividades que fortalecen la identidad, el orgullo entre las familias capitalinas.<\/p>\n<p>&nbsp;<\/p>\n<p><img loading=\"lazy\" decoding=\"async\" class=\"alignnone wp-image-28405 size-full\" src=\"https:\/\/labestiapolitica.com.mx\/wp-content\/uploads\/2024\/06\/U-NOVA-y-se-diferente.png\" alt=\"\" width=\"1000\" height=\"600\" srcset=\"https:\/\/labestiapolitica.com.mx\/wp-content\/uploads\/2024\/06\/U-NOVA-y-se-diferente.png 1000w, https:\/\/labestiapolitica.com.mx\/wp-content\/uploads\/2024\/06\/U-NOVA-y-se-diferente-300x180.png 300w, https:\/\/labestiapolitica.com.mx\/wp-content\/uploads\/2024\/06\/U-NOVA-y-se-diferente-768x461.png 768w\" sizes=\"auto, (max-width: 1000px) 100vw, 1000px\" \/><\/p>\n","protected":false},"excerpt":{"rendered":"<p>Como una forma de mantener vivas las tradiciones en la capital, el Ayuntamiento de Tlaxcala llevar\u00e1 a cabo el \u201cFestival de la Vida y de la Muerte\u201d, del 28 de octubre al 1 de noviembre, con diversas actividades organizadas en la Plaza de la Constituci\u00f3n y principales calles de la ciudad. A trav\u00e9s de la [&hellip;]<\/p>\n","protected":false},"author":5,"featured_media":51808,"comment_status":"open","ping_status":"open","sticky":false,"template":"","format":"standard","meta":{"footnotes":""},"categories":[7,216,214],"tags":[],"class_list":["post-51807","post","type-post","status-publish","format-standard","has-post-thumbnail","hentry","category-ciudadanos","category-municipios","category-tlaxcala-capital"],"amp_enabled":true,"_links":{"self":[{"href":"https:\/\/labestiapolitica.com.mx\/index.php?rest_route=\/wp\/v2\/posts\/51807","targetHints":{"allow":["GET"]}}],"collection":[{"href":"https:\/\/labestiapolitica.com.mx\/index.php?rest_route=\/wp\/v2\/posts"}],"about":[{"href":"https:\/\/labestiapolitica.com.mx\/index.php?rest_route=\/wp\/v2\/types\/post"}],"author":[{"embeddable":true,"href":"https:\/\/labestiapolitica.com.mx\/index.php?rest_route=\/wp\/v2\/users\/5"}],"replies":[{"embeddable":true,"href":"https:\/\/labestiapolitica.com.mx\/index.php?rest_route=%2Fwp%2Fv2%2Fcomments&post=51807"}],"version-history":[{"count":1,"href":"https:\/\/labestiapolitica.com.mx\/index.php?rest_route=\/wp\/v2\/posts\/51807\/revisions"}],"predecessor-version":[{"id":51809,"href":"https:\/\/labestiapolitica.com.mx\/index.php?rest_route=\/wp\/v2\/posts\/51807\/revisions\/51809"}],"wp:featuredmedia":[{"embeddable":true,"href":"https:\/\/labestiapolitica.com.mx\/index.php?rest_route=\/wp\/v2\/media\/51808"}],"wp:attachment":[{"href":"https:\/\/labestiapolitica.com.mx\/index.php?rest_route=%2Fwp%2Fv2%2Fmedia&parent=51807"}],"wp:term":[{"taxonomy":"category","embeddable":true,"href":"https:\/\/labestiapolitica.com.mx\/index.php?rest_route=%2Fwp%2Fv2%2Fcategories&post=51807"},{"taxonomy":"post_tag","embeddable":true,"href":"https:\/\/labestiapolitica.com.mx\/index.php?rest_route=%2Fwp%2Fv2%2Ftags&post=51807"}],"curies":[{"name":"wp","href":"https:\/\/api.w.org\/{rel}","templated":true}]}}